{"id":337970,"date":"2024-09-12T16:24:18","date_gmt":"2024-09-12T13:24:18","guid":{"rendered":"https:\/\/sana.sy\/es\/?p=337970"},"modified":"2024-09-12T16:24:26","modified_gmt":"2024-09-12T13:24:26","slug":"embajada-de-cuba-en-siria-llama-a-intelectuales-sirios-a-apoyar-carta-dirigida-a-biden-para-sacar-a-cuba-de-lista-terrorista","status":"publish","type":"post","link":"https:\/\/archive.sana.sy\/es\/?p=337970","title":{"rendered":"Embajada de Cuba en Siria llama a intelectuales sirios a apoyar carta dirigida a Biden para  sacar a Cuba de lista terrorista"},"content":{"rendered":"<p style=\"text-align: justify;\"><span style=\"color: #800000;\"><strong>Damasco, 12 sep (SANA)\u00a0<\/strong><\/span> La Embajada de la Rep\u00fablica de Cuba en Damasco llam\u00f3 a la Uni\u00f3n de Escritores \u00c1rabes y a todos los artistas, pensadores, acad\u00e9micos y activistas sociales a apoyar la carta abierta del escritor y periodista Ignacio Ramonet dirigida al presidente estadounidense Joe Biden, en la que refuta las acusaciones de la administraci\u00f3n estadounidense contra Cuba y su reinclusi\u00f3n en la lista de Estados patrocinadores del terrorismo.<\/p>\n<p style=\"text-align: justify;\"><img loading=\"lazy\" decoding=\"async\" class=\"size-medium wp-image-337972 alignright\" src=\"http:\/\/sana.sy\/es\/wp-content\/uploads\/2024\/09\/Embajada-de-Cuba-en-Siria-2-300x179.jpg\" alt=\"\" width=\"300\" height=\"179\" srcset=\"https:\/\/archive.sana.sy\/es\/wp-content\/uploads\/2024\/09\/Embajada-de-Cuba-en-Siria-2-300x179.jpg 300w, https:\/\/archive.sana.sy\/es\/wp-content\/uploads\/2024\/09\/Embajada-de-Cuba-en-Siria-2-150x90.jpg 150w, https:\/\/archive.sana.sy\/es\/wp-content\/uploads\/2024\/09\/Embajada-de-Cuba-en-Siria-2.jpg 660w\" sizes=\"(max-width: 300px) 100vw, 300px\" \/><\/p>\n<p style=\"text-align: justify;\">En su carta, Ramonet confirma la verdad de que todo el mundo sabe que Cuba es un verdadero buscador de paz, de salud y de educaci\u00f3n, y esto es completamente opuesto al terrorismo, y que Cuba ha estado y sigue condenando y combatiendo el terrorismo y nunca lo ha alentado, patrocinado o practicado durante 65 a\u00f1os, a pesar de las tensiones que han surgido con EEUU.<\/p>\n<p style=\"text-align: justify;\">Agrega que no fue mencionado ni un solo caso de violencia ocurrido en suelo estadounidense contado con el apoyo de La Habana directamente o indirectamente.<\/p>\n<p style=\"text-align: justify;\">Adem\u00e1s, en su carta el intelectual cubano se\u00f1ala que su pa\u00eds fue una de las naciones m\u00e1s expuestas a ataques de organizaciones terroristas, pues m\u00e1s de 3.500 cubanos murieron en ataques cometidos por grupos terroristas financiados, armados y entrenados por organizaciones con sede en EEUU.<\/p>\n<p style=\"text-align: justify;\">La carta, que ha sido firmada hasta ahora por un gran n\u00famero de personas, movimientos sociales, sindicatos, asociaciones humanitarias y organizaciones no gubernamentales de todo el mundo, insta corregir la profunda injusticia cometida por el expresidente estadounidense Donald Trump el 12 de enero. de 2021, una semana antes de abandonar la Casa Blanca, y sin fundamento jur\u00eddico, al volver a incluir a Cuba en la vergonzosa lista de Estados patrocinadores del terrorismo.<\/p>\n<p style=\"text-align: justify;\">sm<\/p>\n","protected":false},"excerpt":{"rendered":"<p>Damasco, 12 sep (SANA)\u00a0 La Embajada de la Rep\u00fablica de Cuba en Damasco llam\u00f3 a la Uni\u00f3n de Escritores \u00c1rabes y a todos los artistas, pensadores, acad\u00e9micos y activistas sociales a apoyar la carta abierta del escritor y periodista Ignacio Ramonet dirigida al presidente estadounidense Joe Biden, en la que refuta las acusaciones de la &hellip;<\/p>\n","protected":false},"author":39,"featured_media":337971,"comment_status":"closed","ping_status":"closed","sticky":false,"template":"","format":"standard","meta":{"footnotes":""},"categories":[597,20724,467,7541],"tags":[],"class_list":["post-337970","post","type-post","status-publish","format-standard","has-post-thumbnail","","category-cinta-de-noticias","category-minuto-a-minuto","category-siria-y-el-mundo","category-ultimas-noticias"],"_links":{"self":[{"href":"https:\/\/archive.sana.sy\/es\/index.php?rest_route=\/wp\/v2\/posts\/337970"}],"collection":[{"href":"https:\/\/archive.sana.sy\/es\/index.php?rest_route=\/wp\/v2\/posts"}],"about":[{"href":"https:\/\/archive.sana.sy\/es\/index.php?rest_route=\/wp\/v2\/types\/post"}],"author":[{"embeddable":true,"href":"https:\/\/archive.sana.sy\/es\/index.php?rest_route=\/wp\/v2\/users\/39"}],"replies":[{"embeddable":true,"href":"https:\/\/archive.sana.sy\/es\/index.php?rest_route=%2Fwp%2Fv2%2Fcomments&post=337970"}],"version-history":[{"count":1,"href":"https:\/\/archive.sana.sy\/es\/index.php?rest_route=\/wp\/v2\/posts\/337970\/revisions"}],"predecessor-version":[{"id":337973,"href":"https:\/\/archive.sana.sy\/es\/index.php?rest_route=\/wp\/v2\/posts\/337970\/revisions\/337973"}],"wp:featuredmedia":[{"embeddable":true,"href":"https:\/\/archive.sana.sy\/es\/index.php?rest_route=\/wp\/v2\/media\/337971"}],"wp:attachment":[{"href":"https:\/\/archive.sana.sy\/es\/index.php?rest_route=%2Fwp%2Fv2%2Fmedia&parent=337970"}],"wp:term":[{"taxonomy":"category","embeddable":true,"href":"https:\/\/archive.sana.sy\/es\/index.php?rest_route=%2Fwp%2Fv2%2Fcategories&post=337970"},{"taxonomy":"post_tag","embeddable":true,"href":"https:\/\/archive.sana.sy\/es\/index.php?rest_route=%2Fwp%2Fv2%2Ftags&post=337970"}],"curies":[{"name":"wp","href":"https:\/\/api.w.org\/{rel}","templated":true}]}}