{"id":338010,"date":"2024-09-13T11:22:00","date_gmt":"2024-09-13T08:22:00","guid":{"rendered":"https:\/\/sana.sy\/es\/?p=338010"},"modified":"2024-09-13T11:22:00","modified_gmt":"2024-09-13T08:22:00","slug":"ataques-israelies-en-gaza-dejan-ocho-palestinos-muertos","status":"publish","type":"post","link":"https:\/\/archive.sana.sy\/es\/?p=338010","title":{"rendered":"Ataques israel\u00edes en Gaza dejan ocho palestinos muertos"},"content":{"rendered":"<p style=\"text-align: justify;\"><span style=\"color: #800000;\"><strong>Jerusal\u00e9n ocupada, 13 sep (SANA)<\/strong> <\/span>Ocho palestinos perdieron la vida y decenas m\u00e1s resultaron heridos hoy en una serie de ataques a\u00e9reos y de artiller\u00eda israel\u00edes contra diversas zonas de la Franja de Gaza, seg\u00fan la agencia de noticias palestina Wafa.<\/p>\n<p style=\"text-align: justify;\">Cinco de los civiles murieron por ataque israel\u00ed a una vivienda en la zona de Al-Mawasi, en la ciudad de Rafah, al sur de Gaza.<\/p>\n<p style=\"text-align: justify;\">En otro incidente, dos mujeres murieron y 10 personas resultaron heridas en un ataque a\u00e9reo israel\u00ed contra una casa en el campamento de refugiados de Al-Nuseirat, en el centro de Gaza.<\/p>\n<p style=\"text-align: justify;\">Adem\u00e1s, un palestino m\u00e1s fue asesinado en un bombardeo sionista contra el campamento de refugiados de Jabalia, al norte de la Franja de Gaza.<\/p>\n<p style=\"text-align: justify;\">Desde el inicio de la agresi\u00f3n israel\u00ed el pasado 7 de octubre, la cifra de v\u00edctimas mortales ascendi\u00f3 a 41 mil 118 palestinos, en su mayor\u00eda mujeres y ni\u00f1os, mientras que 95 mil 125 resultaron heridos.<\/p>\n<p style=\"text-align: justify;\">La agresi\u00f3n israel\u00ed contin\u00faa por tierra, mar y aire, con miles de cuerpos a\u00fan atrapados bajo los escombros y en las calles, a los que las unidades de emergencia no han podido acceder.<\/p>\n<p style=\"text-align: justify;\"><em><strong>ah<\/strong><\/em><\/p>\n","protected":false},"excerpt":{"rendered":"<p>Jerusal\u00e9n ocupada, 13 sep (SANA) Ocho palestinos perdieron la vida y decenas m\u00e1s resultaron heridos hoy en una serie de ataques a\u00e9reos y de artiller\u00eda israel\u00edes contra diversas zonas de la Franja de Gaza, seg\u00fan la agencia de noticias palestina Wafa. Cinco de los civiles murieron por ataque israel\u00ed a una vivienda en la zona &hellip;<\/p>\n","protected":false},"author":30,"featured_media":338011,"comment_status":"closed","ping_status":"closed","sticky":false,"template":"","format":"standard","meta":{"footnotes":""},"categories":[597,456,20724,583],"tags":[],"class_list":["post-338010","post","type-post","status-publish","format-standard","has-post-thumbnail","","category-cinta-de-noticias","category-arabe-internacional-politica","category-minuto-a-minuto","category-slide"],"_links":{"self":[{"href":"https:\/\/archive.sana.sy\/es\/index.php?rest_route=\/wp\/v2\/posts\/338010"}],"collection":[{"href":"https:\/\/archive.sana.sy\/es\/index.php?rest_route=\/wp\/v2\/posts"}],"about":[{"href":"https:\/\/archive.sana.sy\/es\/index.php?rest_route=\/wp\/v2\/types\/post"}],"author":[{"embeddable":true,"href":"https:\/\/archive.sana.sy\/es\/index.php?rest_route=\/wp\/v2\/users\/30"}],"replies":[{"embeddable":true,"href":"https:\/\/archive.sana.sy\/es\/index.php?rest_route=%2Fwp%2Fv2%2Fcomments&post=338010"}],"version-history":[{"count":1,"href":"https:\/\/archive.sana.sy\/es\/index.php?rest_route=\/wp\/v2\/posts\/338010\/revisions"}],"predecessor-version":[{"id":338012,"href":"https:\/\/archive.sana.sy\/es\/index.php?rest_route=\/wp\/v2\/posts\/338010\/revisions\/338012"}],"wp:featuredmedia":[{"embeddable":true,"href":"https:\/\/archive.sana.sy\/es\/index.php?rest_route=\/wp\/v2\/media\/338011"}],"wp:attachment":[{"href":"https:\/\/archive.sana.sy\/es\/index.php?rest_route=%2Fwp%2Fv2%2Fmedia&parent=338010"}],"wp:term":[{"taxonomy":"category","embeddable":true,"href":"https:\/\/archive.sana.sy\/es\/index.php?rest_route=%2Fwp%2Fv2%2Fcategories&post=338010"},{"taxonomy":"post_tag","embeddable":true,"href":"https:\/\/archive.sana.sy\/es\/index.php?rest_route=%2Fwp%2Fv2%2Ftags&post=338010"}],"curies":[{"name":"wp","href":"https:\/\/api.w.org\/{rel}","templated":true}]}}