{"id":338027,"date":"2024-09-13T16:02:18","date_gmt":"2024-09-13T13:02:18","guid":{"rendered":"https:\/\/sana.sy\/es\/?p=338027"},"modified":"2024-09-13T16:02:18","modified_gmt":"2024-09-13T13:02:18","slug":"cuba-el-bloqueo-estadounidense-provoco-perdidas-de-mas-de-5-000-millones-de-dolares-en-un-ano","status":"publish","type":"post","link":"https:\/\/archive.sana.sy\/es\/?p=338027","title":{"rendered":"Cuba: el bloqueo estadounidense provoc\u00f3 p\u00e9rdidas de m\u00e1s de 5.000 millones de d\u00f3lares en un a\u00f1o"},"content":{"rendered":"<p style=\"text-align: justify;\"><span style=\"color: #800000;\"><strong>La Habana, 13 sep (SANA)<\/strong> <\/span>El ministro cubano de Relaciones Exteriores, Bruno Rodr\u00edguez, anunci\u00f3 que el injusto bloqueo econ\u00f3mico impuesto por Estados Unidos a Cuba durante m\u00e1s de seis d\u00e9cadas caus\u00f3 p\u00e9rdidas estimadas en m\u00e1s de cinco mil millones de d\u00f3lares s\u00f3lo del 1 de marzo de 2023 hasta el 29 de febrero de este a\u00f1o.<\/p>\n<p style=\"text-align: justify;\">Rodr\u00edguez present\u00f3 en La Habana una actualizaci\u00f3n del Informe anual sobre el impacto del bloqueo de los Estados Unidos.<\/p>\n<p style=\"text-align: justify;\">En su intervenci\u00f3n, el Canciller cubano ejemplific\u00f3 los da\u00f1os que provoc\u00f3 deliberadamente esta pol\u00edtica ilegal e inhumana en sectores como el econ\u00f3mico-comercial, social, servicios p\u00fablicos, energ\u00e9tico y el turismo, as\u00ed como en el sector no estatal de la econom\u00eda.<\/p>\n<p style=\"text-align: justify;\">Asimismo, se refiri\u00f3 al efecto nocivo de la arbitraria inclusi\u00f3n de Cuba en la lista unilateral de Estados supuestamente patrocinadores del terrorismo, lo que ha reforzado el impacto del bloqueo en todos los \u00f3rdenes de la vida socio-econ\u00f3mica del pa\u00eds.<\/p>\n<p style=\"text-align: justify;\">Rodr\u00edguez agreg\u00f3 que las medidas coercitivas unilaterales impuestas por Washington tienen como objetivo aislar al sector p\u00fablico cubano del sector privado, y esto es inaceptable, ya que en ning\u00fan pa\u00eds el sector privado puede trabajar solo sin coordinaci\u00f3n con las agencias gubernamentales pertinentes.<\/p>\n<p>ahs\/sm<\/p>\n","protected":false},"excerpt":{"rendered":"<p>La Habana, 13 sep (SANA) El ministro cubano de Relaciones Exteriores, Bruno Rodr\u00edguez, anunci\u00f3 que el injusto bloqueo econ\u00f3mico impuesto por Estados Unidos a Cuba durante m\u00e1s de seis d\u00e9cadas caus\u00f3 p\u00e9rdidas estimadas en m\u00e1s de cinco mil millones de d\u00f3lares s\u00f3lo del 1 de marzo de 2023 hasta el 29 de febrero de este &hellip;<\/p>\n","protected":false},"author":43,"featured_media":338028,"comment_status":"closed","ping_status":"closed","sticky":false,"template":"","format":"standard","meta":{"footnotes":""},"categories":[597,456,16687,20724,7541],"tags":[],"class_list":["post-338027","post","type-post","status-publish","format-standard","has-post-thumbnail","","category-cinta-de-noticias","category-arabe-internacional-politica","category-internacionales","category-minuto-a-minuto","category-ultimas-noticias"],"_links":{"self":[{"href":"https:\/\/archive.sana.sy\/es\/index.php?rest_route=\/wp\/v2\/posts\/338027"}],"collection":[{"href":"https:\/\/archive.sana.sy\/es\/index.php?rest_route=\/wp\/v2\/posts"}],"about":[{"href":"https:\/\/archive.sana.sy\/es\/index.php?rest_route=\/wp\/v2\/types\/post"}],"author":[{"embeddable":true,"href":"https:\/\/archive.sana.sy\/es\/index.php?rest_route=\/wp\/v2\/users\/43"}],"replies":[{"embeddable":true,"href":"https:\/\/archive.sana.sy\/es\/index.php?rest_route=%2Fwp%2Fv2%2Fcomments&post=338027"}],"version-history":[{"count":1,"href":"https:\/\/archive.sana.sy\/es\/index.php?rest_route=\/wp\/v2\/posts\/338027\/revisions"}],"predecessor-version":[{"id":338029,"href":"https:\/\/archive.sana.sy\/es\/index.php?rest_route=\/wp\/v2\/posts\/338027\/revisions\/338029"}],"wp:featuredmedia":[{"embeddable":true,"href":"https:\/\/archive.sana.sy\/es\/index.php?rest_route=\/wp\/v2\/media\/338028"}],"wp:attachment":[{"href":"https:\/\/archive.sana.sy\/es\/index.php?rest_route=%2Fwp%2Fv2%2Fmedia&parent=338027"}],"wp:term":[{"taxonomy":"category","embeddable":true,"href":"https:\/\/archive.sana.sy\/es\/index.php?rest_route=%2Fwp%2Fv2%2Fcategories&post=338027"},{"taxonomy":"post_tag","embeddable":true,"href":"https:\/\/archive.sana.sy\/es\/index.php?rest_route=%2Fwp%2Fv2%2Ftags&post=338027"}],"curies":[{"name":"wp","href":"https:\/\/api.w.org\/{rel}","templated":true}]}}