{"id":338044,"date":"2024-09-13T19:12:00","date_gmt":"2024-09-13T16:12:00","guid":{"rendered":"https:\/\/sana.sy\/es\/?p=338044"},"modified":"2024-09-13T19:12:00","modified_gmt":"2024-09-13T16:12:00","slug":"mueren-tres-empleados-de-la-cruz-roja-en-bombardeo-ucraniano-a-centro-de-distribucion-de-ayuda-en-donetsk","status":"publish","type":"post","link":"https:\/\/archive.sana.sy\/es\/?p=338044","title":{"rendered":"Mueren tres empleados de la Cruz Roja en bombardeo ucraniano a centro de distribuci\u00f3n de ayuda en Donetsk"},"content":{"rendered":"<p style=\"text-align: justify;\"><span style=\"color: #800000;\"><strong>Mosc\u00fa, 13 sep (SANA)<\/strong><\/span> Tres empleados del Comit\u00e9 Internacional de la Cruz Roja murieron y otros resultaron heridos como resultado de un ataque de las fuerzas del r\u00e9gimen ucraniano a un centro de distribuci\u00f3n de ayuda humanitaria en la Rep\u00fablica Popular de Donetsk.<\/p>\n<p style=\"text-align: justify;\">Una fuente de las fuerzas de seguridad rusas anunci\u00f3 que el r\u00e9gimen de Kiev llev\u00f3 a cabo un ataque con drones contra un convoy de ayuda humanitaria perteneciente al CICR\u00a0 que se mov\u00eda cerca de la ciudad de Slavyansk en Donetsk, e indic\u00f3 que el objetivo del ataque era para perturbar la visita de la jefa del referido organismo, Mirjana Spoliaric, a Rusia a mediados de septiembre.<\/p>\n<p style=\"text-align: justify;\">La fuente explic\u00f3 que este ataque ucraniano indica que los anglosajones y sus seguidores est\u00e1n dispuestos a cometer un asesinato brutal incluso contra los empleados que participan en actividades humanitarias para implementar sus planes para aislar a Rusia del mundo exterior.<\/p>\n<p style=\"text-align: justify;\">Asimismo, este ataque revela el deseo del r\u00e9gimen de Kiev de impedir que la parte rusa se comunique con representantes de las estructuras internacionales influyentes, a las que se pueden transmitir pruebas de actos inhumanos cometidos por las fuerzas ucranianas contra civiles.<\/p>\n<p style=\"text-align: justify;\">Por su parte, la jefa del mencionado comit\u00e9 conden\u00f3 en los t\u00e9rminos m\u00e1s en\u00e9rgicos los ataques a los empleados de la Cruz Roja.<\/p>\n<p>ahs\/sm<\/p>\n","protected":false},"excerpt":{"rendered":"<p>Mosc\u00fa, 13 sep (SANA) Tres empleados del Comit\u00e9 Internacional de la Cruz Roja murieron y otros resultaron heridos como resultado de un ataque de las fuerzas del r\u00e9gimen ucraniano a un centro de distribuci\u00f3n de ayuda humanitaria en la Rep\u00fablica Popular de Donetsk. Una fuente de las fuerzas de seguridad rusas anunci\u00f3 que el r\u00e9gimen &hellip;<\/p>\n","protected":false},"author":43,"featured_media":338045,"comment_status":"closed","ping_status":"closed","sticky":false,"template":"","format":"standard","meta":{"footnotes":""},"categories":[597,456,16687,20724,7541],"tags":[],"class_list":["post-338044","post","type-post","status-publish","format-standard","has-post-thumbnail","","category-cinta-de-noticias","category-arabe-internacional-politica","category-internacionales","category-minuto-a-minuto","category-ultimas-noticias"],"_links":{"self":[{"href":"https:\/\/archive.sana.sy\/es\/index.php?rest_route=\/wp\/v2\/posts\/338044"}],"collection":[{"href":"https:\/\/archive.sana.sy\/es\/index.php?rest_route=\/wp\/v2\/posts"}],"about":[{"href":"https:\/\/archive.sana.sy\/es\/index.php?rest_route=\/wp\/v2\/types\/post"}],"author":[{"embeddable":true,"href":"https:\/\/archive.sana.sy\/es\/index.php?rest_route=\/wp\/v2\/users\/43"}],"replies":[{"embeddable":true,"href":"https:\/\/archive.sana.sy\/es\/index.php?rest_route=%2Fwp%2Fv2%2Fcomments&post=338044"}],"version-history":[{"count":1,"href":"https:\/\/archive.sana.sy\/es\/index.php?rest_route=\/wp\/v2\/posts\/338044\/revisions"}],"predecessor-version":[{"id":338046,"href":"https:\/\/archive.sana.sy\/es\/index.php?rest_route=\/wp\/v2\/posts\/338044\/revisions\/338046"}],"wp:featuredmedia":[{"embeddable":true,"href":"https:\/\/archive.sana.sy\/es\/index.php?rest_route=\/wp\/v2\/media\/338045"}],"wp:attachment":[{"href":"https:\/\/archive.sana.sy\/es\/index.php?rest_route=%2Fwp%2Fv2%2Fmedia&parent=338044"}],"wp:term":[{"taxonomy":"category","embeddable":true,"href":"https:\/\/archive.sana.sy\/es\/index.php?rest_route=%2Fwp%2Fv2%2Fcategories&post=338044"},{"taxonomy":"post_tag","embeddable":true,"href":"https:\/\/archive.sana.sy\/es\/index.php?rest_route=%2Fwp%2Fv2%2Ftags&post=338044"}],"curies":[{"name":"wp","href":"https:\/\/api.w.org\/{rel}","templated":true}]}}