{"id":338051,"date":"2024-09-13T20:22:59","date_gmt":"2024-09-13T17:22:59","guid":{"rendered":"https:\/\/sana.sy\/es\/?p=338051"},"modified":"2024-09-13T20:27:28","modified_gmt":"2024-09-13T17:27:28","slug":"una-escuela-en-provincia-surena-de-deraa-se-pone-en-servicio-tras-su-rehabilitacion-y-restauracion-mas-fotos","status":"publish","type":"post","link":"https:\/\/archive.sana.sy\/es\/?p=338051","title":{"rendered":"Una escuela en provincia sure\u00f1a de Deraa se pone en servicio tras su rehabilitaci\u00f3n y restauraci\u00f3n (M\u00e1s fotos)"},"content":{"rendered":"<p style=\"text-align: justify;\"><span style=\"color: #800000;\"><strong><img loading=\"lazy\" decoding=\"async\" class=\"size-full wp-image-338062 alignright\" src=\"http:\/\/sana.sy\/es\/wp-content\/uploads\/2024\/09\/3-1-1-300x214-1.jpg\" alt=\"\" width=\"300\" height=\"214\" srcset=\"https:\/\/archive.sana.sy\/es\/wp-content\/uploads\/2024\/09\/3-1-1-300x214-1.jpg 300w, https:\/\/archive.sana.sy\/es\/wp-content\/uploads\/2024\/09\/3-1-1-300x214-1-150x107.jpg 150w\" sizes=\"(max-width: 300px) 100vw, 300px\" \/>Deraa, 13 sep (SANA)<\/strong> <\/span>En cooperaci\u00f3n entre la direcci\u00f3n de Educaci\u00f3n de Deraa, los servicios t\u00e9cnicos y la comunidad local, la Escuela Secundaria Oficial Al-Harak en el campo oriental de Deraa fue rehabilitada y restaurada.<\/p>\n<p style=\"text-align: justify;\">El jefe del Ayuntamiento de la referida localidad, Muhammad Al-Salamat, afirm\u00f3 a SANA que la comunidad local cooper\u00f3 en trabajos necesarios para la rehabilitaci\u00f3n dicho centro educativo.<\/p>\n<p style=\"text-align: justify;\">Por su parte, el Director de Educaci\u00f3n de Deraa, Manhal Al-Ammarin, se\u00f1al\u00f3 que el Departamento de Edificios Escolares trabaj\u00f3 para equipar la escuela.<\/p>\n<p style=\"text-align: justify;\">ahs\/sm<\/p>\n<div id='gallery-1' class='gallery galleryid-338051 gallery-columns-1 gallery-size-full'><figure class='gallery-item'>\n\t\t\t<div class='gallery-icon landscape'>\n\t\t\t\t<a href='https:\/\/archive.sana.sy\/es\/wp-content\/uploads\/2024\/09\/3-2-1.jpg'><img loading=\"lazy\" decoding=\"async\" width=\"660\" height=\"541\" src=\"https:\/\/archive.sana.sy\/es\/wp-content\/uploads\/2024\/09\/3-2-1.jpg\" class=\"attachment-full size-full\" alt=\"\" srcset=\"https:\/\/archive.sana.sy\/es\/wp-content\/uploads\/2024\/09\/3-2-1.jpg 660w, https:\/\/archive.sana.sy\/es\/wp-content\/uploads\/2024\/09\/3-2-1-300x246.jpg 300w, https:\/\/archive.sana.sy\/es\/wp-content\/uploads\/2024\/09\/3-2-1-150x123.jpg 150w\" sizes=\"(max-width: 660px) 100vw, 660px\" \/><\/a>\n\t\t\t<\/div><\/figure><figure class='gallery-item'>\n\t\t\t<div class='gallery-icon landscape'>\n\t\t\t\t<a href='https:\/\/archive.sana.sy\/es\/wp-content\/uploads\/2024\/09\/3-6-2.jpg'><img loading=\"lazy\" decoding=\"async\" width=\"660\" height=\"436\" src=\"https:\/\/archive.sana.sy\/es\/wp-content\/uploads\/2024\/09\/3-6-2.jpg\" class=\"attachment-full size-full\" alt=\"\" srcset=\"https:\/\/archive.sana.sy\/es\/wp-content\/uploads\/2024\/09\/3-6-2.jpg 660w, https:\/\/archive.sana.sy\/es\/wp-content\/uploads\/2024\/09\/3-6-2-300x198.jpg 300w, https:\/\/archive.sana.sy\/es\/wp-content\/uploads\/2024\/09\/3-6-2-150x99.jpg 150w, https:\/\/archive.sana.sy\/es\/wp-content\/uploads\/2024\/09\/3-6-2-310x205.jpg 310w\" sizes=\"(max-width: 660px) 100vw, 660px\" \/><\/a>\n\t\t\t<\/div><\/figure><figure class='gallery-item'>\n\t\t\t<div class='gallery-icon landscape'>\n\t\t\t\t<a href='https:\/\/archive.sana.sy\/es\/wp-content\/uploads\/2024\/09\/3-7-2.jpg'><img loading=\"lazy\" decoding=\"async\" width=\"660\" height=\"471\" src=\"https:\/\/archive.sana.sy\/es\/wp-content\/uploads\/2024\/09\/3-7-2.jpg\" class=\"attachment-full size-full\" alt=\"\" srcset=\"https:\/\/archive.sana.sy\/es\/wp-content\/uploads\/2024\/09\/3-7-2.jpg 660w, https:\/\/archive.sana.sy\/es\/wp-content\/uploads\/2024\/09\/3-7-2-300x214.jpg 300w, https:\/\/archive.sana.sy\/es\/wp-content\/uploads\/2024\/09\/3-7-2-150x107.jpg 150w\" sizes=\"(max-width: 660px) 100vw, 660px\" \/><\/a>\n\t\t\t<\/div><\/figure><figure class='gallery-item'>\n\t\t\t<div class='gallery-icon landscape'>\n\t\t\t\t<a href='https:\/\/archive.sana.sy\/es\/wp-content\/uploads\/2024\/09\/3-3-3.jpg'><img loading=\"lazy\" decoding=\"async\" width=\"660\" height=\"452\" src=\"https:\/\/archive.sana.sy\/es\/wp-content\/uploads\/2024\/09\/3-3-3.jpg\" class=\"attachment-full size-full\" alt=\"\" srcset=\"https:\/\/archive.sana.sy\/es\/wp-content\/uploads\/2024\/09\/3-3-3.jpg 660w, https:\/\/archive.sana.sy\/es\/wp-content\/uploads\/2024\/09\/3-3-3-300x205.jpg 300w, https:\/\/archive.sana.sy\/es\/wp-content\/uploads\/2024\/09\/3-3-3-150x103.jpg 150w, https:\/\/archive.sana.sy\/es\/wp-content\/uploads\/2024\/09\/3-3-3-110x75.jpg 110w\" sizes=\"(max-width: 660px) 100vw, 660px\" \/><\/a>\n\t\t\t<\/div><\/figure><figure class='gallery-item'>\n\t\t\t<div class='gallery-icon landscape'>\n\t\t\t\t<a href='https:\/\/archive.sana.sy\/es\/wp-content\/uploads\/2024\/09\/3-5-2.jpg'><img loading=\"lazy\" decoding=\"async\" width=\"660\" height=\"458\" src=\"https:\/\/archive.sana.sy\/es\/wp-content\/uploads\/2024\/09\/3-5-2.jpg\" class=\"attachment-full size-full\" alt=\"\" srcset=\"https:\/\/archive.sana.sy\/es\/wp-content\/uploads\/2024\/09\/3-5-2.jpg 660w, https:\/\/archive.sana.sy\/es\/wp-content\/uploads\/2024\/09\/3-5-2-300x208.jpg 300w, https:\/\/archive.sana.sy\/es\/wp-content\/uploads\/2024\/09\/3-5-2-150x104.jpg 150w, https:\/\/archive.sana.sy\/es\/wp-content\/uploads\/2024\/09\/3-5-2-110x75.jpg 110w\" sizes=\"(max-width: 660px) 100vw, 660px\" \/><\/a>\n\t\t\t<\/div><\/figure><figure class='gallery-item'>\n\t\t\t<div class='gallery-icon landscape'>\n\t\t\t\t<a href='https:\/\/archive.sana.sy\/es\/wp-content\/uploads\/2024\/09\/3-4-1.jpg'><img loading=\"lazy\" decoding=\"async\" width=\"660\" height=\"460\" src=\"https:\/\/archive.sana.sy\/es\/wp-content\/uploads\/2024\/09\/3-4-1.jpg\" class=\"attachment-full size-full\" alt=\"\" srcset=\"https:\/\/archive.sana.sy\/es\/wp-content\/uploads\/2024\/09\/3-4-1.jpg 660w, https:\/\/archive.sana.sy\/es\/wp-content\/uploads\/2024\/09\/3-4-1-300x209.jpg 300w, https:\/\/archive.sana.sy\/es\/wp-content\/uploads\/2024\/09\/3-4-1-150x105.jpg 150w\" sizes=\"(max-width: 660px) 100vw, 660px\" \/><\/a>\n\t\t\t<\/div><\/figure>\n\t\t<\/div>\n\n","protected":false},"excerpt":{"rendered":"<p>Deraa, 13 sep (SANA) En cooperaci\u00f3n entre la direcci\u00f3n de Educaci\u00f3n de Deraa, los servicios t\u00e9cnicos y la comunidad local, la Escuela Secundaria Oficial Al-Harak en el campo oriental de Deraa fue rehabilitada y restaurada. El jefe del Ayuntamiento de la referida localidad, Muhammad Al-Salamat, afirm\u00f3 a SANA que la comunidad local cooper\u00f3 en trabajos &hellip;<\/p>\n","protected":false},"author":43,"featured_media":338052,"comment_status":"closed","ping_status":"closed","sticky":false,"template":"","format":"standard","meta":{"footnotes":""},"categories":[597,476,7541],"tags":[],"class_list":["post-338051","post","type-post","status-publish","format-standard","has-post-thumbnail","","category-cinta-de-noticias","category-locales","category-ultimas-noticias"],"_links":{"self":[{"href":"https:\/\/archive.sana.sy\/es\/index.php?rest_route=\/wp\/v2\/posts\/338051"}],"collection":[{"href":"https:\/\/archive.sana.sy\/es\/index.php?rest_route=\/wp\/v2\/posts"}],"about":[{"href":"https:\/\/archive.sana.sy\/es\/index.php?rest_route=\/wp\/v2\/types\/post"}],"author":[{"embeddable":true,"href":"https:\/\/archive.sana.sy\/es\/index.php?rest_route=\/wp\/v2\/users\/43"}],"replies":[{"embeddable":true,"href":"https:\/\/archive.sana.sy\/es\/index.php?rest_route=%2Fwp%2Fv2%2Fcomments&post=338051"}],"version-history":[{"count":3,"href":"https:\/\/archive.sana.sy\/es\/index.php?rest_route=\/wp\/v2\/posts\/338051\/revisions"}],"predecessor-version":[{"id":338063,"href":"https:\/\/archive.sana.sy\/es\/index.php?rest_route=\/wp\/v2\/posts\/338051\/revisions\/338063"}],"wp:featuredmedia":[{"embeddable":true,"href":"https:\/\/archive.sana.sy\/es\/index.php?rest_route=\/wp\/v2\/media\/338052"}],"wp:attachment":[{"href":"https:\/\/archive.sana.sy\/es\/index.php?rest_route=%2Fwp%2Fv2%2Fmedia&parent=338051"}],"wp:term":[{"taxonomy":"category","embeddable":true,"href":"https:\/\/archive.sana.sy\/es\/index.php?rest_route=%2Fwp%2Fv2%2Fcategories&post=338051"},{"taxonomy":"post_tag","embeddable":true,"href":"https:\/\/archive.sana.sy\/es\/index.php?rest_route=%2Fwp%2Fv2%2Ftags&post=338051"}],"curies":[{"name":"wp","href":"https:\/\/api.w.org\/{rel}","templated":true}]}}