{"id":338067,"date":"2024-09-14T10:34:59","date_gmt":"2024-09-14T07:34:59","guid":{"rendered":"https:\/\/sana.sy\/es\/?p=338067"},"modified":"2024-10-12T18:03:47","modified_gmt":"2024-10-12T15:03:47","slug":"lanzan-200-pequenos-proyectos-en-alepo-para-impulsar-la-economia-local","status":"publish","type":"post","link":"https:\/\/archive.sana.sy\/es\/?p=338067","title":{"rendered":"Lanzan 200 peque\u00f1os proyectos en Alepo para impulsar la econom\u00eda local"},"content":{"rendered":"<p style=\"text-align: justify;\"><span style=\"color: #800000;\"><strong>Alepo, 14 sep (SANA)<\/strong><\/span> La comunidad de la Iglesia Protestante Armenia en Siria, en colaboraci\u00f3n con el Ministerio de Turismo y el Consejo de Iglesias de Oriente Medio, organiz\u00f3 este viernes un evento en Alepo para celebrar la cuarta edici\u00f3n de su proyecto de formaci\u00f3n profesional y apoyo a peque\u00f1as empresas.<\/p>\n<p style=\"text-align: justify;\">El gobernador de Alepo, Hussein Diab, destac\u00f3 la importancia de estas iniciativas para mejorar las habilidades laborales y promover el desarrollo econ\u00f3mico.<\/p>\n<p style=\"text-align: justify;\">Este programa ayud\u00f3 a 200 j\u00f3venes a adquirir competencias profesionales y acceder al mercado laboral.<\/p>\n<p style=\"text-align: justify;\">El reverendo Haroution Selimian, l\u00edder de la Iglesia Protestante Armenia, subray\u00f3 que el objetivo es transformar a los participantes de consumidores a productores, contribuyendo as\u00ed a la econom\u00eda local.<\/p>\n<p style=\"text-align: justify;\">Desde su creaci\u00f3n, el proyecto benefici\u00f3 a cerca de 1.000 personas.<\/p>\n<p style=\"text-align: justify;\">La coordinadora del proyecto, Mar\u00eda Buzeh Kalyan, explic\u00f3 que tambi\u00e9n apoya a personas afectadas por el terremoto y a familias vulnerables, y facilita su inserci\u00f3n en el mercado laboral mediante 17 especialidades diferentes.<\/p>\n<p style=\"text-align: justify;\"><em><strong>ah<\/strong><\/em><\/p>\n","protected":false},"excerpt":{"rendered":"<p>Alepo, 14 sep (SANA) La comunidad de la Iglesia Protestante Armenia en Siria, en colaboraci\u00f3n con el Ministerio de Turismo y el Consejo de Iglesias de Oriente Medio, organiz\u00f3 este viernes un evento en Alepo para celebrar la cuarta edici\u00f3n de su proyecto de formaci\u00f3n profesional y apoyo a peque\u00f1as empresas. El gobernador de Alepo, &hellip;<\/p>\n","protected":false},"author":30,"featured_media":338068,"comment_status":"closed","ping_status":"closed","sticky":false,"template":"","format":"standard","meta":{"footnotes":""},"categories":[477,597,476,7541],"tags":[],"class_list":["post-338067","post","type-post","status-publish","format-standard","has-post-thumbnail","","category-noticias-edulcorantes","category-cinta-de-noticias","category-locales","category-ultimas-noticias"],"_links":{"self":[{"href":"https:\/\/archive.sana.sy\/es\/index.php?rest_route=\/wp\/v2\/posts\/338067"}],"collection":[{"href":"https:\/\/archive.sana.sy\/es\/index.php?rest_route=\/wp\/v2\/posts"}],"about":[{"href":"https:\/\/archive.sana.sy\/es\/index.php?rest_route=\/wp\/v2\/types\/post"}],"author":[{"embeddable":true,"href":"https:\/\/archive.sana.sy\/es\/index.php?rest_route=\/wp\/v2\/users\/30"}],"replies":[{"embeddable":true,"href":"https:\/\/archive.sana.sy\/es\/index.php?rest_route=%2Fwp%2Fv2%2Fcomments&post=338067"}],"version-history":[{"count":1,"href":"https:\/\/archive.sana.sy\/es\/index.php?rest_route=\/wp\/v2\/posts\/338067\/revisions"}],"predecessor-version":[{"id":338069,"href":"https:\/\/archive.sana.sy\/es\/index.php?rest_route=\/wp\/v2\/posts\/338067\/revisions\/338069"}],"wp:featuredmedia":[{"embeddable":true,"href":"https:\/\/archive.sana.sy\/es\/index.php?rest_route=\/wp\/v2\/media\/338068"}],"wp:attachment":[{"href":"https:\/\/archive.sana.sy\/es\/index.php?rest_route=%2Fwp%2Fv2%2Fmedia&parent=338067"}],"wp:term":[{"taxonomy":"category","embeddable":true,"href":"https:\/\/archive.sana.sy\/es\/index.php?rest_route=%2Fwp%2Fv2%2Fcategories&post=338067"},{"taxonomy":"post_tag","embeddable":true,"href":"https:\/\/archive.sana.sy\/es\/index.php?rest_route=%2Fwp%2Fv2%2Ftags&post=338067"}],"curies":[{"name":"wp","href":"https:\/\/api.w.org\/{rel}","templated":true}]}}