{"id":33807,"date":"2015-11-18T22:55:48","date_gmt":"2015-11-18T20:55:48","guid":{"rendered":"http:\/\/sana.sy\/es\/?p=33807"},"modified":"2015-11-21T15:31:33","modified_gmt":"2015-11-21T13:31:33","slug":"el-presidente-al-assad-los-terroristas-son-el-principal-obstaculo-ante-cualquier-progreso-politico-en-siria","status":"publish","type":"post","link":"https:\/\/archive.sana.sy\/es\/?p=33807","title":{"rendered":"El presidente Al-Assad: Los terroristas son el principal obst\u00e1culo ante  cualquier progreso pol\u00edtico en Siria"},"content":{"rendered":"<p style=\"text-align: justify\"><span style=\"color: #800000\">Damasco-SANA<\/span>&#8211; El presidente Bashar al-Assad expres\u00f3 su pesadumbre por el asesinato de inocentes sin raz\u00f3n o justificaci\u00f3n, afirmando que Siria est\u00e1 sufriendo este tipo de hechos desde cinco a\u00f1os.<\/p>\n<p style=\"text-align: justify\">En una entrevista que concedi\u00f3 al canal de televisi\u00f3n italiana Rai Uno, el presidente Al-Assad asegur\u00f3 a los sirios entienden bien los sentimientos de los franceses, como han entendido el sentimiento de los libaneses en el \u00faltimo atentado que sacudi\u00f3 el L\u00edbano hace pocos d\u00edas y el sentimiento de los rusos por el siniestro del avi\u00f3n ruso sobre el Sina\u00ed.<\/p>\n<p style=\"text-align: justify\">En su respuesta sobre la fuerza de Daesh qui\u00e9n est\u00e1 detr\u00e1s de este crimen, el presidente al-Assad dijo que Daesh hasta el momento no goza de este apoyo dentro de Siria, y esto es una se\u00f1al buena, pero si no se acaba con este problema cr\u00f3nico podr\u00eda afectar en la sociedad.<\/p>\n<p style=\"text-align: justify\">El presidente explic\u00f3 que algunos terroristas recibieron su entrenamiento en Siria a trav\u00e9s del apoyo de los turcos, los saud\u00edes y los qatar\u00edes y pa\u00edses occidentales que hab\u00edan apoyado a los terroristas desde el principio de la crisis.<\/p>\n<p style=\"text-align: justify\">En una pregunta sobre si Siria hab\u00eda apoyado a Daesh al inicio de la crisis con el fin de dividir la oposici\u00f3n, el presidente Al-Assad dijo que algunos funcionario norteamericanos entre ellos, Hillary Clinton, reconocieron que la organizaci\u00f3n de al-Qaeda se fund\u00f3 gracias al apoyo ideol\u00f3gico y financiero de los EE, UU y de Rabia Saudita, lo mismo pasa con Daesh y el Frente al-Nusra que son facciones de la al-Qaeda, en respecto a Daesh, dicha organizaci\u00f3n se cre\u00f3 en 2006 en Iraq y su l\u00edder era un prisionero en las careles norteamericanos y luego se puso en libertad, por lo siguiente Siria no tiene nada que ver con la creaci\u00f3n de Daesh, en el mismo contexto el ex-primer ministro brit\u00e1nico Tony Blair dijo \u00a8la invasi\u00f3n de Iraq ayud\u00f3 la existencia de Daesh\u201d.<\/p>\n<p style=\"text-align: justify\">Sobre las partes geogr\u00e1ficas controladas por el gobierno sirio, el presidente al-Assad ha se\u00f1alado que lo que importa es el n\u00famero de personas que viven en las zonas controladas por el gobierno, afirmando que: &#8220;La mayor parte de las zonas controladas por los terroristas hab\u00edan sido desocupadas de sus habitantes quienes se escaparon a las zonas controladas por el gobierno\u201d.<\/p>\n<p style=\"text-align: justify\">En el mismo contexto, el presidente al-Assad ha a\u00f1adido: &#8220;desde el punto de vista militar, el ej\u00e9rcito no puede estar en todas las partes en Siria.&#8221;<\/p>\n<p style=\"text-align: justify\">En cuanto a la conferencia de Viena, el presidente al-Assad dijo que el comunicado de Viena dice todo el proceso pol\u00edtico es depende de lo que los sirios deciden, agregando que el comunicado de Viena no dijo nada con respecto al presidente.<\/p>\n<p style=\"text-align: justify\">Asimismo, el presidente Al-Assad dijo que no hay l\u00edneas rojas relativas a la celebraci\u00f3n de elecciones presidenciales si los sirios si los sirios se pondr\u00edan de acuerdo.<\/p>\n<p style=\"text-align: justify\">&#8220;El momento de la salida de la crisis inicia despu\u00e9s de la derrota del terrorismo, ya que es imposible lograr nada pol\u00edticamente mientras que los terroristas se apoderaron de varias \u00e1reas en Siria&#8221;, ha insistido el presidente.<\/p>\n<p style=\"text-align: justify\">El presidente al-Assad dijo que &#8220;cualquier persona que lleva el arma y aterroriza a la gente, y destruye las propiedades p\u00fablicas y privadas no se considera opositor&#8221;. El presidente Al-Assad agreg\u00f3 que la verdadera oposici\u00f3n en Siria tiene que ser elegida por los sirios.<\/p>\n<p style=\"text-align: justify\">En cuanto a los refugiados sirios en Europa, el presidente al-Assad expres\u00f3 su pesadumbre por el sufrimiento de estas personas que constituyen una p\u00e9rdida para Siria, tiendo en cuenta los motivos que los impulsan a abandonar Siria, a saber, las amenazas de los terroristas, la destrucci\u00f3n de gran parte de la infraestructura y el embargo occidental impuesto sobre Siria.<\/p>\n<p style=\"text-align: justify\">Por otra parte, el presidente al-Assad dijo que lo \u00fanico que se hizo desde el principio de la crisis es la lucha contra el terrorismo y el apoyo al di\u00e1logo.<\/p>\n<p style=\"text-align: justify\">En relaci\u00f3n con los intentos occidentales para cambiar el presidente, al-Assad dijo que el primer responsable de lo que est\u00e1 ocurriendo en Siria es Occidente que apoy\u00f3 a los terroristas de Daesh y del Frente al-Nusra en Siria.<\/p>\n<p style=\"text-align: justify\">Sobre su visita a Mosc\u00fa, el presidente al-Assad dijo que el objetivo de la visita fue la realizaci\u00f3n de una revisi\u00f3n de la situaci\u00f3n militar y el proceso pol\u00edtico, que la calific\u00f3 de &#8220;muy fruct\u00edfera&#8221;.<\/p>\n<p style=\"text-align: justify\">El al-Assad expres\u00f3 que la guerra en Siria no es una guerra religiosa, sino es una guerra entre los que se hab\u00edan desviado de la verdadera religi\u00f3n.<\/p>\n<p style=\"text-align: justify\">El presidente Al-Assad subray\u00f3 la diversidad \u00e9tnica y sectaria es la verdadera raz\u00f3n de la moderaci\u00f3n en Siria, por lo que es fundamental que la presencia cristiana es uno de los m\u00e1s grandes en la historia de Siria.<\/p>\n<p style=\"text-align: justify\">El presidente al-Assad, concluy\u00f3 la entrevista, diciendo que el n\u00famero de musulmanes que fueron asesinados en Siria es mucho m\u00e1s de los cristianos, por lo que no podemos decir que los actos terroristas est\u00e1n dirigidos especialmente contra los cristianos.<\/p>\n<p>M.Miri<\/p>\n","protected":false},"excerpt":{"rendered":"<p>Damasco-SANA&#8211; El presidente Bashar al-Assad expres\u00f3 su pesadumbre por el asesinato de inocentes sin raz\u00f3n o justificaci\u00f3n, afirmando que Siria est\u00e1 sufriendo este tipo de hechos desde cinco a\u00f1os. En una entrevista que concedi\u00f3 al canal de televisi\u00f3n italiana Rai Uno, el presidente Al-Assad asegur\u00f3 a los sirios entienden bien los sentimientos de los franceses, &hellip;<\/p>\n","protected":false},"author":1,"featured_media":33808,"comment_status":"closed","ping_status":"closed","sticky":false,"template":"","format":"standard","meta":{"footnotes":""},"categories":[477,476,626],"tags":[7420,7419],"class_list":["post-33807","post","type-post","status-publish","format-standard","has-post-thumbnail","","category-noticias-edulcorantes","category-locales","category-sr-presidente","tag-el-presidente-al-assad-los-terroristas-son-el-principal-obstaculo-ante-cualquier-progreso-politico-en-siria","tag-el-presidente-al-assad-no-hay-lineas-rojas-para-la-celebracion-de-elecciones-presidenciales-en-siria"],"_links":{"self":[{"href":"https:\/\/archive.sana.sy\/es\/index.php?rest_route=\/wp\/v2\/posts\/33807"}],"collection":[{"href":"https:\/\/archive.sana.sy\/es\/index.php?rest_route=\/wp\/v2\/posts"}],"about":[{"href":"https:\/\/archive.sana.sy\/es\/index.php?rest_route=\/wp\/v2\/types\/post"}],"author":[{"embeddable":true,"href":"https:\/\/archive.sana.sy\/es\/index.php?rest_route=\/wp\/v2\/users\/1"}],"replies":[{"embeddable":true,"href":"https:\/\/archive.sana.sy\/es\/index.php?rest_route=%2Fwp%2Fv2%2Fcomments&post=33807"}],"version-history":[{"count":0,"href":"https:\/\/archive.sana.sy\/es\/index.php?rest_route=\/wp\/v2\/posts\/33807\/revisions"}],"wp:featuredmedia":[{"embeddable":true,"href":"https:\/\/archive.sana.sy\/es\/index.php?rest_route=\/wp\/v2\/media\/33808"}],"wp:attachment":[{"href":"https:\/\/archive.sana.sy\/es\/index.php?rest_route=%2Fwp%2Fv2%2Fmedia&parent=33807"}],"wp:term":[{"taxonomy":"category","embeddable":true,"href":"https:\/\/archive.sana.sy\/es\/index.php?rest_route=%2Fwp%2Fv2%2Fcategories&post=33807"},{"taxonomy":"post_tag","embeddable":true,"href":"https:\/\/archive.sana.sy\/es\/index.php?rest_route=%2Fwp%2Fv2%2Ftags&post=33807"}],"curies":[{"name":"wp","href":"https:\/\/api.w.org\/{rel}","templated":true}]}}