{"id":338070,"date":"2024-09-14T10:40:09","date_gmt":"2024-09-14T07:40:09","guid":{"rendered":"https:\/\/sana.sy\/es\/?p=338070"},"modified":"2024-09-14T10:40:09","modified_gmt":"2024-09-14T07:40:09","slug":"defensas-antiaereas-de-rusia-derriban-19-drones-ucranianos-en-kursk-y-belgorod","status":"publish","type":"post","link":"https:\/\/archive.sana.sy\/es\/?p=338070","title":{"rendered":"Defensas antia\u00e9reas de Rusia derriban 19 drones ucranianos en Kursk y Belgorod"},"content":{"rendered":"<p style=\"text-align: justify;\"><span style=\"color: #800000;\"><strong>Mosc\u00fa, 13 sep (SANA)<\/strong> <\/span>Las defensas antia\u00e9reas rusas lograron interceptar y destruir 19 drones ucranianos la pasada noche en las regiones de Kursk y Belgorod, seg\u00fan un comunicado emitido este s\u00e1bado por el Ministerio de Defensa ruso.<\/p>\n<p style=\"text-align: justify;\">\u201cDiez de los drones fueron abatidos sobre el territorio de Kursk y los otros nueve sobre Belgorod\u201d, comunic\u00f3 la instituci\u00f3n castrense.<\/p>\n<p style=\"text-align: justify;\">Estas acciones forman parte de la operaci\u00f3n militar especial lanzada por Rusia el 24 de febrero de 2022, con el objetivo de proteger a los residentes de Donb\u00e1s quienes sufrieron persecuci\u00f3n y genocidio a manos del r\u00e9gimen de Kiev durante a\u00f1os.<\/p>\n<p style=\"text-align: justify;\"><em><strong>ah<\/strong><\/em><\/p>\n","protected":false},"excerpt":{"rendered":"<p>Mosc\u00fa, 13 sep (SANA) Las defensas antia\u00e9reas rusas lograron interceptar y destruir 19 drones ucranianos la pasada noche en las regiones de Kursk y Belgorod, seg\u00fan un comunicado emitido este s\u00e1bado por el Ministerio de Defensa ruso. \u201cDiez de los drones fueron abatidos sobre el territorio de Kursk y los otros nueve sobre Belgorod\u201d, comunic\u00f3 &hellip;<\/p>\n","protected":false},"author":30,"featured_media":338071,"comment_status":"closed","ping_status":"closed","sticky":false,"template":"","format":"standard","meta":{"footnotes":""},"categories":[597,456,20724,7541],"tags":[],"class_list":["post-338070","post","type-post","status-publish","format-standard","has-post-thumbnail","","category-cinta-de-noticias","category-arabe-internacional-politica","category-minuto-a-minuto","category-ultimas-noticias"],"_links":{"self":[{"href":"https:\/\/archive.sana.sy\/es\/index.php?rest_route=\/wp\/v2\/posts\/338070"}],"collection":[{"href":"https:\/\/archive.sana.sy\/es\/index.php?rest_route=\/wp\/v2\/posts"}],"about":[{"href":"https:\/\/archive.sana.sy\/es\/index.php?rest_route=\/wp\/v2\/types\/post"}],"author":[{"embeddable":true,"href":"https:\/\/archive.sana.sy\/es\/index.php?rest_route=\/wp\/v2\/users\/30"}],"replies":[{"embeddable":true,"href":"https:\/\/archive.sana.sy\/es\/index.php?rest_route=%2Fwp%2Fv2%2Fcomments&post=338070"}],"version-history":[{"count":1,"href":"https:\/\/archive.sana.sy\/es\/index.php?rest_route=\/wp\/v2\/posts\/338070\/revisions"}],"predecessor-version":[{"id":338072,"href":"https:\/\/archive.sana.sy\/es\/index.php?rest_route=\/wp\/v2\/posts\/338070\/revisions\/338072"}],"wp:featuredmedia":[{"embeddable":true,"href":"https:\/\/archive.sana.sy\/es\/index.php?rest_route=\/wp\/v2\/media\/338071"}],"wp:attachment":[{"href":"https:\/\/archive.sana.sy\/es\/index.php?rest_route=%2Fwp%2Fv2%2Fmedia&parent=338070"}],"wp:term":[{"taxonomy":"category","embeddable":true,"href":"https:\/\/archive.sana.sy\/es\/index.php?rest_route=%2Fwp%2Fv2%2Fcategories&post=338070"},{"taxonomy":"post_tag","embeddable":true,"href":"https:\/\/archive.sana.sy\/es\/index.php?rest_route=%2Fwp%2Fv2%2Ftags&post=338070"}],"curies":[{"name":"wp","href":"https:\/\/api.w.org\/{rel}","templated":true}]}}