{"id":338079,"date":"2024-09-14T13:20:44","date_gmt":"2024-09-14T10:20:44","guid":{"rendered":"https:\/\/sana.sy\/es\/?p=338079"},"modified":"2024-09-14T13:21:12","modified_gmt":"2024-09-14T10:21:12","slug":"quien-es-el-primer-ministro-designado-en-siria","status":"publish","type":"post","link":"https:\/\/archive.sana.sy\/es\/?p=338079","title":{"rendered":"\u00bfQui\u00e9n es el Primer Ministro designado en Siria?"},"content":{"rendered":"<p style=\"text-align: justify;\"><span style=\"color: #800000;\"><strong>Damasco, 14 sep (SANA)<\/strong> <\/span>El presidente Bashar Al-Assad, emiti\u00f3 hoy un decreto en virtud del cual encarga a Mohammed Ghazi Al-Jalali, la formaci\u00f3n del nuevo gobierno sirio.<\/p>\n<p style=\"text-align: justify;\"><span style=\"color: #000080;\"><strong>\u00bfqui\u00e9n es el nuevo Primer Ministro?<\/strong><\/span><\/p>\n<ul style=\"text-align: justify;\">\n<li>Al-Jalali naci\u00f3 en Damasco en 1969.<\/li>\n<li>Ministro de Telecomunicaciones y Tecnolog\u00eda desde agosto de 2014 hasta julio de 2016.<\/li>\n<li>Viceministro de Telecomunicaciones y Tecnolog\u00eda desde mayo de 2008 hasta agosto de 2014.<\/li>\n<li>Profesor asistente y rector de la Universidad Privada Siria (SPU) desde septiembre de 2023.<\/li>\n<li>Jefe de la Junta de Secretarios de \u201cArab Quality Makers\u201d desde abril de 2019.<\/li>\n<li>Obtuvo en 2000, un doctorado en ingenier\u00eda econ\u00f3mica de la Universidad Ain Shams del Cairo.<\/li>\n<li>Obtuvo en 1997, una maestr\u00eda en ciencias de ingenier\u00eda civil de la Universidad de Ain Shams de El Cairo.<\/li>\n<li>Tiene un diploma de posgrado en ingenier\u00eda civil de la Universidad de Damasco, en 1994.<\/li>\n<li>Tiene una licenciatura en Ingenier\u00eda Civil de la Universidad de Damasco, en 1992.<\/li>\n<\/ul>\n<p style=\"text-align: justify;\"><span style=\"color: #000080;\"><strong>Experiencias<\/strong><\/span><\/p>\n<ul>\n<li style=\"text-align: justify;\">Ha sido asesor y experto en los sectores p\u00fablico y privado en Siria y particip\u00f3 en la finalizaci\u00f3n de muchos proyectos importantes de ingenier\u00eda en Siria.<\/li>\n<li style=\"text-align: justify;\">Implement\u00f3 muchos cursos de capacitaci\u00f3n en los campos de la econom\u00eda ingenieril, gesti\u00f3n de contratos de ingenier\u00eda, arbitraje de ingenier\u00eda y gesti\u00f3n de proyectos de ingenier\u00eda en Siria y algunos pa\u00edses \u00e1rabes.<\/li>\n<li style=\"text-align: justify;\">Present\u00f3 muchos art\u00edculos cient\u00edficos e investigaciones en conferencias y talleres en Siria y tambi\u00e9n en algunos pa\u00edses \u00e1rabes.<\/li>\n<\/ul>\n<p>fm<\/p>\n","protected":false},"excerpt":{"rendered":"<p>Damasco, 14 sep (SANA) El presidente Bashar Al-Assad, emiti\u00f3 hoy un decreto en virtud del cual encarga a Mohammed Ghazi Al-Jalali, la formaci\u00f3n del nuevo gobierno sirio. \u00bfqui\u00e9n es el nuevo Primer Ministro? Al-Jalali naci\u00f3 en Damasco en 1969. Ministro de Telecomunicaciones y Tecnolog\u00eda desde agosto de 2014 hasta julio de 2016. Viceministro de Telecomunicaciones &hellip;<\/p>\n","protected":false},"author":34,"featured_media":338080,"comment_status":"closed","ping_status":"closed","sticky":false,"template":"","format":"standard","meta":{"footnotes":""},"categories":[477,597,20724,476,16237,583,626],"tags":[],"class_list":["post-338079","post","type-post","status-publish","format-standard","has-post-thumbnail","","category-noticias-edulcorantes","category-cinta-de-noticias","category-minuto-a-minuto","category-locales","category-presidence-de-la-republique-arabe-syria","category-slide","category-sr-presidente"],"_links":{"self":[{"href":"https:\/\/archive.sana.sy\/es\/index.php?rest_route=\/wp\/v2\/posts\/338079"}],"collection":[{"href":"https:\/\/archive.sana.sy\/es\/index.php?rest_route=\/wp\/v2\/posts"}],"about":[{"href":"https:\/\/archive.sana.sy\/es\/index.php?rest_route=\/wp\/v2\/types\/post"}],"author":[{"embeddable":true,"href":"https:\/\/archive.sana.sy\/es\/index.php?rest_route=\/wp\/v2\/users\/34"}],"replies":[{"embeddable":true,"href":"https:\/\/archive.sana.sy\/es\/index.php?rest_route=%2Fwp%2Fv2%2Fcomments&post=338079"}],"version-history":[{"count":2,"href":"https:\/\/archive.sana.sy\/es\/index.php?rest_route=\/wp\/v2\/posts\/338079\/revisions"}],"predecessor-version":[{"id":338082,"href":"https:\/\/archive.sana.sy\/es\/index.php?rest_route=\/wp\/v2\/posts\/338079\/revisions\/338082"}],"wp:featuredmedia":[{"embeddable":true,"href":"https:\/\/archive.sana.sy\/es\/index.php?rest_route=\/wp\/v2\/media\/338080"}],"wp:attachment":[{"href":"https:\/\/archive.sana.sy\/es\/index.php?rest_route=%2Fwp%2Fv2%2Fmedia&parent=338079"}],"wp:term":[{"taxonomy":"category","embeddable":true,"href":"https:\/\/archive.sana.sy\/es\/index.php?rest_route=%2Fwp%2Fv2%2Fcategories&post=338079"},{"taxonomy":"post_tag","embeddable":true,"href":"https:\/\/archive.sana.sy\/es\/index.php?rest_route=%2Fwp%2Fv2%2Ftags&post=338079"}],"curies":[{"name":"wp","href":"https:\/\/api.w.org\/{rel}","templated":true}]}}