{"id":338088,"date":"2024-09-14T14:16:44","date_gmt":"2024-09-14T11:16:44","guid":{"rendered":"https:\/\/sana.sy\/es\/?p=338088"},"modified":"2024-09-14T14:17:38","modified_gmt":"2024-09-14T11:17:38","slug":"resistencia-libanesa-bombardea-base-militar-estrategica-del-ocupante-israeli","status":"publish","type":"post","link":"https:\/\/archive.sana.sy\/es\/?p=338088","title":{"rendered":"Resistencia libanesa bombardea base militar estrat\u00e9gica del ocupante israel\u00ed"},"content":{"rendered":"<p style=\"text-align: justify;\"><span style=\"color: #800000;\"><strong>Beirut, 14 sep (SANA)\u00a0 \u00a0<\/strong><\/span>La Resistencia Nacional Libanesa atac\u00f3 esta ma\u00f1ana, por primera vez, una base militar del enemigo israel\u00ed y el cuartel general de la 282\u00aa Brigada de Misiles y Artiller\u00eda de Precisi\u00f3n, al noroeste del lago Tiber\u00edades.<\/p>\n<p style=\"text-align: justify;\">Asimismo, la resistencia bombarde\u00f3 con docenas de cohetes \u201cKatyusha\u201d los almacenes de armas y emergencia pertenecientes a la referida base del ocupante sionista.<\/p>\n<p style=\"text-align: justify;\">Es de destacar que la Base 282 est\u00e1 a unos 18 km de la frontera entre L\u00edbano y Palestina y est\u00e1 afiliada al Comando Norte de las fuerzas de ocupaci\u00f3n.<\/p>\n<p style=\"text-align: justify;\">La base antes mencionada contiene armas y misiles de precisi\u00f3n y sede de equipos de reserva, adem\u00e1s de un centro de armamento avanzado.<\/p>\n<p style=\"text-align: justify;\">sm<\/p>\n","protected":false},"excerpt":{"rendered":"<p>Beirut, 14 sep (SANA)\u00a0 \u00a0La Resistencia Nacional Libanesa atac\u00f3 esta ma\u00f1ana, por primera vez, una base militar del enemigo israel\u00ed y el cuartel general de la 282\u00aa Brigada de Misiles y Artiller\u00eda de Precisi\u00f3n, al noroeste del lago Tiber\u00edades. Asimismo, la resistencia bombarde\u00f3 con docenas de cohetes \u201cKatyusha\u201d los almacenes de armas y emergencia pertenecientes &hellip;<\/p>\n","protected":false},"author":39,"featured_media":338089,"comment_status":"closed","ping_status":"closed","sticky":false,"template":"","format":"standard","meta":{"footnotes":""},"categories":[597,456,16687,20724,7541],"tags":[],"class_list":["post-338088","post","type-post","status-publish","format-standard","has-post-thumbnail","","category-cinta-de-noticias","category-arabe-internacional-politica","category-internacionales","category-minuto-a-minuto","category-ultimas-noticias"],"_links":{"self":[{"href":"https:\/\/archive.sana.sy\/es\/index.php?rest_route=\/wp\/v2\/posts\/338088"}],"collection":[{"href":"https:\/\/archive.sana.sy\/es\/index.php?rest_route=\/wp\/v2\/posts"}],"about":[{"href":"https:\/\/archive.sana.sy\/es\/index.php?rest_route=\/wp\/v2\/types\/post"}],"author":[{"embeddable":true,"href":"https:\/\/archive.sana.sy\/es\/index.php?rest_route=\/wp\/v2\/users\/39"}],"replies":[{"embeddable":true,"href":"https:\/\/archive.sana.sy\/es\/index.php?rest_route=%2Fwp%2Fv2%2Fcomments&post=338088"}],"version-history":[{"count":2,"href":"https:\/\/archive.sana.sy\/es\/index.php?rest_route=\/wp\/v2\/posts\/338088\/revisions"}],"predecessor-version":[{"id":338091,"href":"https:\/\/archive.sana.sy\/es\/index.php?rest_route=\/wp\/v2\/posts\/338088\/revisions\/338091"}],"wp:featuredmedia":[{"embeddable":true,"href":"https:\/\/archive.sana.sy\/es\/index.php?rest_route=\/wp\/v2\/media\/338089"}],"wp:attachment":[{"href":"https:\/\/archive.sana.sy\/es\/index.php?rest_route=%2Fwp%2Fv2%2Fmedia&parent=338088"}],"wp:term":[{"taxonomy":"category","embeddable":true,"href":"https:\/\/archive.sana.sy\/es\/index.php?rest_route=%2Fwp%2Fv2%2Fcategories&post=338088"},{"taxonomy":"post_tag","embeddable":true,"href":"https:\/\/archive.sana.sy\/es\/index.php?rest_route=%2Fwp%2Fv2%2Ftags&post=338088"}],"curies":[{"name":"wp","href":"https:\/\/api.w.org\/{rel}","templated":true}]}}