{"id":338096,"date":"2024-09-14T16:00:33","date_gmt":"2024-09-14T13:00:33","guid":{"rendered":"https:\/\/sana.sy\/es\/?p=338096"},"modified":"2024-09-14T16:00:33","modified_gmt":"2024-09-14T13:00:33","slug":"ejercito-ruso-repele-ataques-ucranianos-en-kursk-y-neutraliza-a-cientos-de-militares-de-kiev","status":"publish","type":"post","link":"https:\/\/archive.sana.sy\/es\/?p=338096","title":{"rendered":"Ej\u00e9rcito ruso repele ataques ucranianos en Kursk y neutraliza a cientos de militares de Kiev"},"content":{"rendered":"<p style=\"text-align: justify;\"><span style=\"color: #800000;\"><strong>Mosc\u00fa, 14 sep (SANA)<\/strong> <\/span>El Ministerio de Defensa de Rusia anunci\u00f3 que los combates que tuvieron lugar en la provincia de Kursk durante las \u00faltimas 24 horas con grupos de fuerzas del r\u00e9gimen de Kiev resultaron en la eliminaci\u00f3n de m\u00e1s de 300 militantes ucranianos y la destrucci\u00f3n de 15 veh\u00edculos blindados<\/p>\n<p style=\"text-align: justify;\">La referida entidad castrense declar\u00f3 que la Fuerzas A\u00e9reas Rusas atacaron 8 brigadas ucranianas en el eje de Kursk, y tambi\u00e9n apunt\u00f3 a 11 brigadas en el distrito de Sumy en el noreste de Ucrania.<\/p>\n<p style=\"text-align: justify;\">Asimismo, las fuerzas rusas repelieron 5 contraataques de las fuerzas del r\u00e9gimen de Kiev y frustraron dos intentos de ataque en la regi\u00f3n de Kursk, y tambi\u00e9n enfrentaron 5 intentos ucranianos de penetrar las fronteras en el mismo eje.<\/p>\n<p style=\"text-align: justify;\">Por otra parte, el Ministerio inform\u00f3 que, como resultado de un proceso de negociaci\u00f3n, hoy se concret\u00f3 el retorno de 103 soldados rusos que fueron capturados en Kursk, y a cambio fueron trasladados 103 prisioneros de guerra de las fuerzas ucranianas.<\/p>\n<p style=\"text-align: justify;\">El Ministerio de Defensa ruso indic\u00f3 que todos los militares rusos liberados se encuentran actualmente ahora en el territorio de Bielorrusia donde se les proporciona la asistencia m\u00e9dica necesaria y se les da la oportunidad de contactarse a sus familiares, y luego se trasladar\u00e1n a Rusia.<\/p>\n<p style=\"text-align: justify;\">Seg\u00fan el Ministerio de Defensa ruso, durante el regreso de los soldados rusos del cautiverio, los Emiratos \u00c1rabes Unidos brindaron esfuerzos de mediaci\u00f3n humanitaria.<\/p>\n<p style=\"text-align: justify;\">sm<\/p>\n","protected":false},"excerpt":{"rendered":"<p>Mosc\u00fa, 14 sep (SANA) El Ministerio de Defensa de Rusia anunci\u00f3 que los combates que tuvieron lugar en la provincia de Kursk durante las \u00faltimas 24 horas con grupos de fuerzas del r\u00e9gimen de Kiev resultaron en la eliminaci\u00f3n de m\u00e1s de 300 militantes ucranianos y la destrucci\u00f3n de 15 veh\u00edculos blindados La referida entidad &hellip;<\/p>\n","protected":false},"author":39,"featured_media":338097,"comment_status":"closed","ping_status":"closed","sticky":false,"template":"","format":"standard","meta":{"footnotes":""},"categories":[597,456,16687,20724,7541],"tags":[],"class_list":["post-338096","post","type-post","status-publish","format-standard","has-post-thumbnail","","category-cinta-de-noticias","category-arabe-internacional-politica","category-internacionales","category-minuto-a-minuto","category-ultimas-noticias"],"_links":{"self":[{"href":"https:\/\/archive.sana.sy\/es\/index.php?rest_route=\/wp\/v2\/posts\/338096"}],"collection":[{"href":"https:\/\/archive.sana.sy\/es\/index.php?rest_route=\/wp\/v2\/posts"}],"about":[{"href":"https:\/\/archive.sana.sy\/es\/index.php?rest_route=\/wp\/v2\/types\/post"}],"author":[{"embeddable":true,"href":"https:\/\/archive.sana.sy\/es\/index.php?rest_route=\/wp\/v2\/users\/39"}],"replies":[{"embeddable":true,"href":"https:\/\/archive.sana.sy\/es\/index.php?rest_route=%2Fwp%2Fv2%2Fcomments&post=338096"}],"version-history":[{"count":1,"href":"https:\/\/archive.sana.sy\/es\/index.php?rest_route=\/wp\/v2\/posts\/338096\/revisions"}],"predecessor-version":[{"id":338098,"href":"https:\/\/archive.sana.sy\/es\/index.php?rest_route=\/wp\/v2\/posts\/338096\/revisions\/338098"}],"wp:featuredmedia":[{"embeddable":true,"href":"https:\/\/archive.sana.sy\/es\/index.php?rest_route=\/wp\/v2\/media\/338097"}],"wp:attachment":[{"href":"https:\/\/archive.sana.sy\/es\/index.php?rest_route=%2Fwp%2Fv2%2Fmedia&parent=338096"}],"wp:term":[{"taxonomy":"category","embeddable":true,"href":"https:\/\/archive.sana.sy\/es\/index.php?rest_route=%2Fwp%2Fv2%2Fcategories&post=338096"},{"taxonomy":"post_tag","embeddable":true,"href":"https:\/\/archive.sana.sy\/es\/index.php?rest_route=%2Fwp%2Fv2%2Ftags&post=338096"}],"curies":[{"name":"wp","href":"https:\/\/api.w.org\/{rel}","templated":true}]}}