{"id":338099,"date":"2024-09-14T17:05:40","date_gmt":"2024-09-14T14:05:40","guid":{"rendered":"https:\/\/sana.sy\/es\/?p=338099"},"modified":"2024-09-14T17:07:15","modified_gmt":"2024-09-14T14:07:15","slug":"con-la-participacion-de-sana-y-otras-instituciones-de-45-paises-comienza-en-moscu-la-cumbre-de-medios-del-brics","status":"publish","type":"post","link":"https:\/\/archive.sana.sy\/es\/?p=338099","title":{"rendered":"Con la participaci\u00f3n de SANA y otras instituciones de 45 pa\u00edses comienza en Mosc\u00fa la Cumbre de Medios del BRICS"},"content":{"rendered":"<p style=\"text-align: justify;\"><span style=\"color: #800000;\"><strong>Mosc\u00fa, 14 sep (SANA)<\/strong><\/span> Las actividades de la s\u00e9ptima sesi\u00f3n de la Cumbre de Medios del grupo BRICS comenzaron hoy en la capital rusa, Mosc\u00fa, en presencia de jefes y representantes de 60 organizaciones de medios de 45 pa\u00edses, incluida la Agencia de Noticias \u00c1rabe Siria (SANA).<\/p>\n<p style=\"text-align: justify;\">La actual cumbre de medios organizada por la agencia rusa TASS analiza el papel de los medios en el mundo multipolar, las cuestiones de seguridad de los medios en el mundo moderno y los aspectos t\u00e9cnicos del intercambio de informaci\u00f3n y noticias.<\/p>\n<p style=\"text-align: justify;\"><img loading=\"lazy\" decoding=\"async\" class=\"size-medium wp-image-338101 alignright\" src=\"http:\/\/sana.sy\/es\/wp-content\/uploads\/2024\/09\/Con-la-participacion-de-SANA-y-otras-instituciones-de-45-paises-comienza-en-Moscu-la-Cumbre-de-Medios-del-BRICS0-300x172.jpeg\" alt=\"\" width=\"300\" height=\"172\" srcset=\"https:\/\/archive.sana.sy\/es\/wp-content\/uploads\/2024\/09\/Con-la-participacion-de-SANA-y-otras-instituciones-de-45-paises-comienza-en-Moscu-la-Cumbre-de-Medios-del-BRICS0-300x172.jpeg 300w, https:\/\/archive.sana.sy\/es\/wp-content\/uploads\/2024\/09\/Con-la-participacion-de-SANA-y-otras-instituciones-de-45-paises-comienza-en-Moscu-la-Cumbre-de-Medios-del-BRICS0-150x86.jpeg 150w, https:\/\/archive.sana.sy\/es\/wp-content\/uploads\/2024\/09\/Con-la-participacion-de-SANA-y-otras-instituciones-de-45-paises-comienza-en-Moscu-la-Cumbre-de-Medios-del-BRICS0.jpeg 660w\" sizes=\"(max-width: 300px) 100vw, 300px\" \/><\/p>\n<p style=\"text-align: justify;\">En un discurso televisado durante la cumbre, el ministro de Asuntos Exteriores de Rusia, Sergu\u00e9i Lavrov, subray\u00f3 que el grupo BRICS se considera un mecanismo \u00fanico de cooperaci\u00f3n multifac\u00e9tica, y se\u00f1al\u00f3 que en el marco de dicha organizaci\u00f3n se est\u00e1 llevando a cabo una cooperaci\u00f3n fruct\u00edfera entre pa\u00edses que representan diferentes civilizaciones y regiones geogr\u00e1ficas.<\/p>\n<p style=\"text-align: justify;\">\u201cObservamos con satisfacci\u00f3n el creciente inter\u00e9s por parte de la mayor\u00eda de los pa\u00edses del mundo en este grupo que inicialmente inclu\u00eda cinco pa\u00edses, y el n\u00famero de sus miembros ahora ha llegado a diez, y hay m\u00e1s de treinta pa\u00edses que han presentado solicitudes para unirse a \u00e9l&#8221;, dijo el Canciller ruso.<\/p>\n<p style=\"text-align: justify;\">Explic\u00f3 que la presidencia rusa del grupo BRICS este a\u00f1o se efect\u00faa bajo el lema &#8220;Consolidar el multilateralismo para el desarrollo y la seguridad integrales&#8221;.<\/p>\n<p style=\"text-align: justify;\">El Ministro de Asuntos Exteriores de Rusia destac\u00f3 que ante la inevitabilidad hist\u00f3rica del surgimiento de un sistema global multipolar, la demanda del trabajo profesional de periodistas y profesionales de los medios est\u00e1 aumentando, independientemente de su tipo de actividad.<\/p>\n<p style=\"text-align: justify;\">Tambi\u00e9n, enfatiz\u00f3 que la cooperaci\u00f3n de los medios en el marco BRICS se est\u00e1 consolidando y fortaleciendo, y el intercambio de medios y la cooperaci\u00f3n en general se est\u00e1n intensificando entre los pa\u00edses miembros de la referida organizaci\u00f3n.<\/p>\n<div id='gallery-1' class='gallery galleryid-338099 gallery-columns-1 gallery-size-full'><figure class='gallery-item'>\n\t\t\t<div class='gallery-icon landscape'>\n\t\t\t\t<a href='https:\/\/archive.sana.sy\/es\/?attachment_id=338102'><img loading=\"lazy\" decoding=\"async\" width=\"660\" height=\"367\" src=\"https:\/\/archive.sana.sy\/es\/wp-content\/uploads\/2024\/09\/Con-la-participacion-de-SANA-y-otras-instituciones-de-45-paises-comienza-en-Moscu-la-Cumbre-de-Medios-del-BRICS001.jpeg\" class=\"attachment-full size-full\" alt=\"\" srcset=\"https:\/\/archive.sana.sy\/es\/wp-content\/uploads\/2024\/09\/Con-la-participacion-de-SANA-y-otras-instituciones-de-45-paises-comienza-en-Moscu-la-Cumbre-de-Medios-del-BRICS001.jpeg 660w, https:\/\/archive.sana.sy\/es\/wp-content\/uploads\/2024\/09\/Con-la-participacion-de-SANA-y-otras-instituciones-de-45-paises-comienza-en-Moscu-la-Cumbre-de-Medios-del-BRICS001-300x167.jpeg 300w, https:\/\/archive.sana.sy\/es\/wp-content\/uploads\/2024\/09\/Con-la-participacion-de-SANA-y-otras-instituciones-de-45-paises-comienza-en-Moscu-la-Cumbre-de-Medios-del-BRICS001-150x83.jpeg 150w\" sizes=\"(max-width: 660px) 100vw, 660px\" \/><\/a>\n\t\t\t<\/div><\/figure><figure class='gallery-item'>\n\t\t\t<div class='gallery-icon landscape'>\n\t\t\t\t<a href='https:\/\/archive.sana.sy\/es\/?attachment_id=338103'><img loading=\"lazy\" decoding=\"async\" width=\"660\" height=\"432\" src=\"https:\/\/archive.sana.sy\/es\/wp-content\/uploads\/2024\/09\/Con-la-participacion-de-SANA-y-otras-instituciones-de-45-paises-comienza-en-Moscu-la-Cumbre-de-Medios-del-BRICS01.jpeg\" class=\"attachment-full size-full\" alt=\"\" srcset=\"https:\/\/archive.sana.sy\/es\/wp-content\/uploads\/2024\/09\/Con-la-participacion-de-SANA-y-otras-instituciones-de-45-paises-comienza-en-Moscu-la-Cumbre-de-Medios-del-BRICS01.jpeg 660w, https:\/\/archive.sana.sy\/es\/wp-content\/uploads\/2024\/09\/Con-la-participacion-de-SANA-y-otras-instituciones-de-45-paises-comienza-en-Moscu-la-Cumbre-de-Medios-del-BRICS01-300x196.jpeg 300w, https:\/\/archive.sana.sy\/es\/wp-content\/uploads\/2024\/09\/Con-la-participacion-de-SANA-y-otras-instituciones-de-45-paises-comienza-en-Moscu-la-Cumbre-de-Medios-del-BRICS01-150x98.jpeg 150w\" sizes=\"(max-width: 660px) 100vw, 660px\" \/><\/a>\n\t\t\t<\/div><\/figure><figure class='gallery-item'>\n\t\t\t<div class='gallery-icon landscape'>\n\t\t\t\t<a href='https:\/\/archive.sana.sy\/es\/?attachment_id=338104'><img loading=\"lazy\" decoding=\"async\" width=\"660\" height=\"414\" src=\"https:\/\/archive.sana.sy\/es\/wp-content\/uploads\/2024\/09\/Con-la-participacion-de-SANA-y-otras-instituciones-de-45-paises-comienza-en-Moscu-la-Cumbre-de-Medios-del-BRICS00.jpeg\" class=\"attachment-full size-full\" alt=\"\" srcset=\"https:\/\/archive.sana.sy\/es\/wp-content\/uploads\/2024\/09\/Con-la-participacion-de-SANA-y-otras-instituciones-de-45-paises-comienza-en-Moscu-la-Cumbre-de-Medios-del-BRICS00.jpeg 660w, https:\/\/archive.sana.sy\/es\/wp-content\/uploads\/2024\/09\/Con-la-participacion-de-SANA-y-otras-instituciones-de-45-paises-comienza-en-Moscu-la-Cumbre-de-Medios-del-BRICS00-300x188.jpeg 300w, https:\/\/archive.sana.sy\/es\/wp-content\/uploads\/2024\/09\/Con-la-participacion-de-SANA-y-otras-instituciones-de-45-paises-comienza-en-Moscu-la-Cumbre-de-Medios-del-BRICS00-150x94.jpeg 150w\" sizes=\"(max-width: 660px) 100vw, 660px\" \/><\/a>\n\t\t\t<\/div><\/figure>\n\t\t<\/div>\n\n<p style=\"text-align: justify;\">sm<\/p>\n","protected":false},"excerpt":{"rendered":"<p>Mosc\u00fa, 14 sep (SANA) Las actividades de la s\u00e9ptima sesi\u00f3n de la Cumbre de Medios del grupo BRICS comenzaron hoy en la capital rusa, Mosc\u00fa, en presencia de jefes y representantes de 60 organizaciones de medios de 45 pa\u00edses, incluida la Agencia de Noticias \u00c1rabe Siria (SANA). La actual cumbre de medios organizada por la &hellip;<\/p>\n","protected":false},"author":39,"featured_media":338100,"comment_status":"closed","ping_status":"closed","sticky":false,"template":"","format":"standard","meta":{"footnotes":""},"categories":[597,20724,467,7541],"tags":[],"class_list":["post-338099","post","type-post","status-publish","format-standard","has-post-thumbnail","","category-cinta-de-noticias","category-minuto-a-minuto","category-siria-y-el-mundo","category-ultimas-noticias"],"_links":{"self":[{"href":"https:\/\/archive.sana.sy\/es\/index.php?rest_route=\/wp\/v2\/posts\/338099"}],"collection":[{"href":"https:\/\/archive.sana.sy\/es\/index.php?rest_route=\/wp\/v2\/posts"}],"about":[{"href":"https:\/\/archive.sana.sy\/es\/index.php?rest_route=\/wp\/v2\/types\/post"}],"author":[{"embeddable":true,"href":"https:\/\/archive.sana.sy\/es\/index.php?rest_route=\/wp\/v2\/users\/39"}],"replies":[{"embeddable":true,"href":"https:\/\/archive.sana.sy\/es\/index.php?rest_route=%2Fwp%2Fv2%2Fcomments&post=338099"}],"version-history":[{"count":3,"href":"https:\/\/archive.sana.sy\/es\/index.php?rest_route=\/wp\/v2\/posts\/338099\/revisions"}],"predecessor-version":[{"id":338107,"href":"https:\/\/archive.sana.sy\/es\/index.php?rest_route=\/wp\/v2\/posts\/338099\/revisions\/338107"}],"wp:featuredmedia":[{"embeddable":true,"href":"https:\/\/archive.sana.sy\/es\/index.php?rest_route=\/wp\/v2\/media\/338100"}],"wp:attachment":[{"href":"https:\/\/archive.sana.sy\/es\/index.php?rest_route=%2Fwp%2Fv2%2Fmedia&parent=338099"}],"wp:term":[{"taxonomy":"category","embeddable":true,"href":"https:\/\/archive.sana.sy\/es\/index.php?rest_route=%2Fwp%2Fv2%2Fcategories&post=338099"},{"taxonomy":"post_tag","embeddable":true,"href":"https:\/\/archive.sana.sy\/es\/index.php?rest_route=%2Fwp%2Fv2%2Ftags&post=338099"}],"curies":[{"name":"wp","href":"https:\/\/api.w.org\/{rel}","templated":true}]}}