{"id":33820,"date":"2015-11-19T11:08:17","date_gmt":"2015-11-19T09:08:17","guid":{"rendered":"http:\/\/sana.sy\/es\/?p=33820"},"modified":"2015-11-21T15:30:11","modified_gmt":"2015-11-21T13:30:11","slug":"presidente-al-assad-pide-al-gobierno-frances-seriedad-a-la-hora-de-hablar-sobre-la-lucha-contra-el-terrorismo","status":"publish","type":"post","link":"https:\/\/archive.sana.sy\/es\/?p=33820","title":{"rendered":"Presidente al-Assad pide al gobierno franc\u00e9s seriedad a la hora de hablar sobre la lucha contra el terrorismo"},"content":{"rendered":"<p><span style=\"color: #800000\">Damasco, SANA<\/span><\/p>\n<p>El presidente Bashar al-Assad llam\u00f3 al gobierno franc\u00e9s a ser serio a la hora de hablar de la lucha contra el terrorismo, esperando que Francia cambie su pol\u00edtica vinculada al enfoque norteamericano de doble rasero.<\/p>\n<p>En una entrevista concedida a la revista francesa Valeur Actuelles, el presidente al-Assad dijo que &#8220;no se puede luchar contra el terrorismo si no hay contactos con la fuerza que est\u00e1 combatiendo a los terroristas sobre el terreno&#8221;, se\u00f1alando que &#8220;los pa\u00edses que apoyan a los terroristas no son parte de la soluci\u00f3n en Siria&#8221;.<\/p>\n<p>Respecto a lo declarado por el presidente franc\u00e9s, Francois Hollande, de que el presidente al-Assad no puede ser parte de la soluci\u00f3n ya que es parte del problema, el mandatario sirio contest\u00f3 que &#8220;el pueblo sirio no encarg\u00f3 a Hollande para que hablara en su nombre, y esto es un insulto para el pueblo sirio y para el principio de la democracia que consiste en el derecho de los pueblos a decidir qui\u00e9n los preside&#8221;.<\/p>\n<p>El presidente dijo que &#8220;es una pena que Hollande est\u00e9 insultando a un pueblo que tiene una historia civilizada de miles de a\u00f1os&#8221;, precisando que semejantes declaraciones no afectar\u00e1n en nada la realidad y los hechos en Siria.<br \/>\nAcerca de la pol\u00edtica francesa, al-Assad hizo hincapi\u00e9 en que &#8220;la actual pol\u00edtica francesa est\u00e1 atada a la pol\u00edtica de Estados Unidos, y esper\u00f3 que la pol\u00edtica francesa vuelva a ser realista, independiente y amigable con Medio Oriente y Siria, y que Francia se aleje del enfoque estadounidense basado en la doble moral.<\/p>\n<p>El presidente aclar\u00f3 que &#8220;Siria no perder\u00e1 su tiempo en la colaboraci\u00f3n con un gobierno franc\u00e9s que no toma en serio en la lucha contra el terrorismo, tampoco perder\u00e1 su tiempo con otros pa\u00edses cuyos gobiernos apoyan al terrorismo&#8221;, explicando que esos pa\u00edses deber\u00edan primero cambiar su pol\u00edtica, pues no pueden apoyar el terrorismo y al mismo tiempo luchar en su contra.<br \/>\nAgreg\u00f3 que Damasco siempre ha demandado la creaci\u00f3n de una coalici\u00f3n internacional para luchar contra el terrorismo porque este flageo no reconoce fronteras ni medidas.<\/p>\n<p>Asimismo, indic\u00f3 que &#8220;la visi\u00f3n siria desde hace d\u00e9cadas consist\u00eda en el hecho de que cuando se lucha contra el terrorismo en Siria se defiende a Rusia, a Europa y a otros continentes&#8221;.<\/p>\n<p>Sobre si har\u00e1 caso a las peticiones extranjeras, la respuesta del presidente era: &#8220;No, independientemente del contenido de esa petici\u00f3n, porque nadie puede decidir en lugar del pueblo sirio&#8221;, se\u00f1alando que los pa\u00edses que apoyan a los terroristas no forman parte de la soluci\u00f3n en Siria.<\/p>\n<p>Al-Assad asegur\u00f3 que s\u00f3lo responder\u00e1 a la voluntad del pueblo sirio, y la \u00fanica manera de conocer lo que los sirios quieren es a trav\u00e9s las urnas.<\/p>\n<p>Precis\u00f3 que &#8220;la llegada o salida del poder de cualquier presidente en cualquier pa\u00eds que se respete a s\u00ed mismo y respeta a su cultura y su gente, se realiza a trav\u00e9s de un proceso pol\u00edtico que refleja la Constituci\u00f3n, y las elecciones determinan si un presidente llega al poder o se va&#8221;.<\/p>\n<p>Por otro lado, el presidente dijo que &#8220;los medios de comunicaci\u00f3n occidentales quieren dar la impresi\u00f3n de que lo que sucede en Siria es una guerra civil entre los diversos componentes, religiones y grupos \u00e9tnicos que no quieren convivir entre s\u00ed, pero el problema no es as\u00ed porque se puede ver en las zonas bajo el control del gobierno todos estos componentes conviviendo entre s\u00ed vivir una vida normal&#8221;.<\/p>\n<p>Asimismo, dijo que algunos pa\u00edses, entre ellos Turqu\u00eda, proporcionan todo tipo de apoyo a los terroristas sean del &#8220;Frente Al-Nousra&#8221;, del &#8220;Estado Isl\u00e1mico&#8221; o otras agrupaciones. &#8220;Los apoyan en t\u00e9rmino de recursos humanos, con dinero y armas y en el reclutamiento de combatientes&#8221;, se\u00f1al\u00f3.<\/p>\n<p>Por \u00faltimo, el mandatario sirio opin\u00f3 que no se puede luchar contra el terrorismo sin tener contactos con la fuerza que lo est\u00e1 combatiendo sobre el terreno, y no se puede luchar contra el terrorismo mientras se siguen pol\u00edticas equivocadas que al final apoyan al terrorismo directa o indirectamente.<\/p>\n<p>Fady M., Lynn A.<\/p>\n","protected":false},"excerpt":{"rendered":"<p>Damasco, SANA El presidente Bashar al-Assad llam\u00f3 al gobierno franc\u00e9s a ser serio a la hora de hablar de la lucha contra el terrorismo, esperando que Francia cambie su pol\u00edtica vinculada al enfoque norteamericano de doble rasero. En una entrevista concedida a la revista francesa Valeur Actuelles, el presidente al-Assad dijo que &#8220;no se puede &hellip;<\/p>\n","protected":false},"author":24,"featured_media":33821,"comment_status":"closed","ping_status":"closed","sticky":false,"template":"","format":"standard","meta":{"footnotes":""},"categories":[477,476,626],"tags":[],"class_list":["post-33820","post","type-post","status-publish","format-standard","has-post-thumbnail","","category-noticias-edulcorantes","category-locales","category-sr-presidente"],"_links":{"self":[{"href":"https:\/\/archive.sana.sy\/es\/index.php?rest_route=\/wp\/v2\/posts\/33820"}],"collection":[{"href":"https:\/\/archive.sana.sy\/es\/index.php?rest_route=\/wp\/v2\/posts"}],"about":[{"href":"https:\/\/archive.sana.sy\/es\/index.php?rest_route=\/wp\/v2\/types\/post"}],"author":[{"embeddable":true,"href":"https:\/\/archive.sana.sy\/es\/index.php?rest_route=\/wp\/v2\/users\/24"}],"replies":[{"embeddable":true,"href":"https:\/\/archive.sana.sy\/es\/index.php?rest_route=%2Fwp%2Fv2%2Fcomments&post=33820"}],"version-history":[{"count":0,"href":"https:\/\/archive.sana.sy\/es\/index.php?rest_route=\/wp\/v2\/posts\/33820\/revisions"}],"wp:featuredmedia":[{"embeddable":true,"href":"https:\/\/archive.sana.sy\/es\/index.php?rest_route=\/wp\/v2\/media\/33821"}],"wp:attachment":[{"href":"https:\/\/archive.sana.sy\/es\/index.php?rest_route=%2Fwp%2Fv2%2Fmedia&parent=33820"}],"wp:term":[{"taxonomy":"category","embeddable":true,"href":"https:\/\/archive.sana.sy\/es\/index.php?rest_route=%2Fwp%2Fv2%2Fcategories&post=33820"},{"taxonomy":"post_tag","embeddable":true,"href":"https:\/\/archive.sana.sy\/es\/index.php?rest_route=%2Fwp%2Fv2%2Ftags&post=33820"}],"curies":[{"name":"wp","href":"https:\/\/api.w.org\/{rel}","templated":true}]}}