{"id":338243,"date":"2024-09-16T15:52:06","date_gmt":"2024-09-16T12:52:06","guid":{"rendered":"https:\/\/sana.sy\/es\/?p=338243"},"modified":"2024-09-16T15:52:35","modified_gmt":"2024-09-16T12:52:35","slug":"presidente-sirio-recibe-a-secretario-del-consejo-de-seguridad-de-la-federacion-de-rusia","status":"publish","type":"post","link":"https:\/\/archive.sana.sy\/es\/?p=338243","title":{"rendered":"Presidente sirio recibe a secretario del Consejo de Seguridad de la Federaci\u00f3n de Rusia"},"content":{"rendered":"<p style=\"text-align: justify;\"><strong><span style=\"color: #800000;\">Damasco, 16 sep (SANA)<\/span><\/strong> El presidente sirio Bashar Al-Assad, recibi\u00f3 hoy al secretario del Consejo de Seguridad de la Federaci\u00f3n de Rusia, Sergei Shoig\u00fa.<\/p>\n<p style=\"text-align: justify;\">Las dos partes analizaron varios expedientes relacionados con la seguridad internacional y regional, y las relaciones bilaterales entre Siria y Rusia, y las perspectivas de fortalecerlas por el bien de ambos pa\u00edses.<\/p>\n<p style=\"text-align: justify;\">fm\/sm<\/p>\n","protected":false},"excerpt":{"rendered":"<p>Damasco, 16 sep (SANA) El presidente sirio Bashar Al-Assad, recibi\u00f3 hoy al secretario del Consejo de Seguridad de la Federaci\u00f3n de Rusia, Sergei Shoig\u00fa. Las dos partes analizaron varios expedientes relacionados con la seguridad internacional y regional, y las relaciones bilaterales entre Siria y Rusia, y las perspectivas de fortalecerlas por el bien de ambos &hellip;<\/p>\n","protected":false},"author":39,"featured_media":338244,"comment_status":"closed","ping_status":"closed","sticky":false,"template":"","format":"standard","meta":{"footnotes":""},"categories":[597,20724,467,583],"tags":[],"class_list":["post-338243","post","type-post","status-publish","format-standard","has-post-thumbnail","","category-cinta-de-noticias","category-minuto-a-minuto","category-siria-y-el-mundo","category-slide"],"_links":{"self":[{"href":"https:\/\/archive.sana.sy\/es\/index.php?rest_route=\/wp\/v2\/posts\/338243"}],"collection":[{"href":"https:\/\/archive.sana.sy\/es\/index.php?rest_route=\/wp\/v2\/posts"}],"about":[{"href":"https:\/\/archive.sana.sy\/es\/index.php?rest_route=\/wp\/v2\/types\/post"}],"author":[{"embeddable":true,"href":"https:\/\/archive.sana.sy\/es\/index.php?rest_route=\/wp\/v2\/users\/39"}],"replies":[{"embeddable":true,"href":"https:\/\/archive.sana.sy\/es\/index.php?rest_route=%2Fwp%2Fv2%2Fcomments&post=338243"}],"version-history":[{"count":1,"href":"https:\/\/archive.sana.sy\/es\/index.php?rest_route=\/wp\/v2\/posts\/338243\/revisions"}],"predecessor-version":[{"id":338245,"href":"https:\/\/archive.sana.sy\/es\/index.php?rest_route=\/wp\/v2\/posts\/338243\/revisions\/338245"}],"wp:featuredmedia":[{"embeddable":true,"href":"https:\/\/archive.sana.sy\/es\/index.php?rest_route=\/wp\/v2\/media\/338244"}],"wp:attachment":[{"href":"https:\/\/archive.sana.sy\/es\/index.php?rest_route=%2Fwp%2Fv2%2Fmedia&parent=338243"}],"wp:term":[{"taxonomy":"category","embeddable":true,"href":"https:\/\/archive.sana.sy\/es\/index.php?rest_route=%2Fwp%2Fv2%2Fcategories&post=338243"},{"taxonomy":"post_tag","embeddable":true,"href":"https:\/\/archive.sana.sy\/es\/index.php?rest_route=%2Fwp%2Fv2%2Ftags&post=338243"}],"curies":[{"name":"wp","href":"https:\/\/api.w.org\/{rel}","templated":true}]}}