{"id":338249,"date":"2024-09-16T16:32:03","date_gmt":"2024-09-16T13:32:03","guid":{"rendered":"https:\/\/sana.sy\/es\/?p=338249"},"modified":"2024-09-16T16:35:16","modified_gmt":"2024-09-16T13:35:16","slug":"rusia-y-egipto-acuerdan-continuar-cooperacion-para-poner-fin-a-la-crisis-en-siria-de-manera-que-se-preserve-su-unidad-y-soberania","status":"publish","type":"post","link":"https:\/\/archive.sana.sy\/es\/?p=338249","title":{"rendered":"Cancilleres de Rusia y Egipto acuerdan continuar cooperaci\u00f3n para poner fin a la crisis en Siria preservando su unidad y soberan\u00eda"},"content":{"rendered":"<p style=\"text-align: justify;\"><span style=\"color: #800000;\"><strong>Msoc\u00fa, 16 sep (SANA)\u00a0<\/strong><\/span> El ministro de Asuntos Exteriores de Rusia, Sergu\u00e9i Lavrov, y su hom\u00f3logo egipcio, Badr Abdel Aty, enfatizaron la importancia de continuar la cooperaci\u00f3n y la coordinaci\u00f3n conjunta entre Rusia y los pa\u00edses \u00e1rabes para poner fin a la crisis en Siria de una manera que preserve su unidad y soberan\u00eda y le permita combatir el terrorismo.<\/p>\n<p style=\"text-align: justify;\">&#8220;Damos la bienvenida a la postura de nuestros amigos egipcios sobre el desarrollo del di\u00e1logo pol\u00edtico con Siria, ya que la posici\u00f3n constructiva de El Cairo tuvo una contribuci\u00f3n importante a la decisi\u00f3n de reanudar la membres\u00eda de Siria en la Liga \u00c1rabe\u201d, dijo el Canciller ruso en una conferencia de prensa conjunta con su par egipcio celebrada hoy en Mosc\u00fa.<\/p>\n<p style=\"text-align: justify;\">Asimismo, el Canciller del pa\u00eds euroasi\u00e1tico manifest\u00f3 su esperanza de seguir restableciendo las v\u00ednculos normales entre Damasco y su entorno \u00e1rabe, porque esto, seg\u00fan expres\u00f3 el jefe de la diplomacia rusa, no s\u00f3lo servir\u00e1 al inter\u00e9s de abordar las repercusiones de la larga crisis all\u00ed, sino que tambi\u00e9n brindar\u00e1 grandes oportunidades para consolidar la seguridad y la estabilidad en todo el Medio Oriente.<\/p>\n<p style=\"text-align: justify;\">Por su parte, el jefe de la diplomacia egipcia anunci\u00f3: \u201c acordamos la importancia de continuar la cooperaci\u00f3n y la coordinaci\u00f3n conjunta entre nuestros dos pa\u00edses y entre Rusia y los pa\u00edses \u00e1rabes, especialmente a la luz del importante papel de Mosc\u00fa en este expediente y de trabajar para poner fin a la crisis que ha prolongado en Siria durante a\u00f1os de una manera que conserve su unidad y soberan\u00eda, y permita que las instituciones estatales sirias trabajen para combatir el terrorismo, implementando la Resoluci\u00f3n No. 2254 del Consejo de Seguridad\u201d<\/p>\n<p style=\"text-align: justify;\">\u00a0\u201cInform\u00e9 a Lavrov sobre los \u00faltimos acontecimientos en este expediente y escuch\u00e9 su explicaci\u00f3n sobre los \u00faltimos acontecimientos de las acciones rusas al respecto\u201d, agreg\u00f3 el Canciller egipcio.<\/p>\n<p style=\"text-align: justify;\">sm<\/p>\n","protected":false},"excerpt":{"rendered":"<p>Msoc\u00fa, 16 sep (SANA)\u00a0 El ministro de Asuntos Exteriores de Rusia, Sergu\u00e9i Lavrov, y su hom\u00f3logo egipcio, Badr Abdel Aty, enfatizaron la importancia de continuar la cooperaci\u00f3n y la coordinaci\u00f3n conjunta entre Rusia y los pa\u00edses \u00e1rabes para poner fin a la crisis en Siria de una manera que preserve su unidad y soberan\u00eda y &hellip;<\/p>\n","protected":false},"author":39,"featured_media":338250,"comment_status":"closed","ping_status":"closed","sticky":false,"template":"","format":"standard","meta":{"footnotes":""},"categories":[597,20724,467,7541],"tags":[],"class_list":["post-338249","post","type-post","status-publish","format-standard","has-post-thumbnail","","category-cinta-de-noticias","category-minuto-a-minuto","category-siria-y-el-mundo","category-ultimas-noticias"],"_links":{"self":[{"href":"https:\/\/archive.sana.sy\/es\/index.php?rest_route=\/wp\/v2\/posts\/338249"}],"collection":[{"href":"https:\/\/archive.sana.sy\/es\/index.php?rest_route=\/wp\/v2\/posts"}],"about":[{"href":"https:\/\/archive.sana.sy\/es\/index.php?rest_route=\/wp\/v2\/types\/post"}],"author":[{"embeddable":true,"href":"https:\/\/archive.sana.sy\/es\/index.php?rest_route=\/wp\/v2\/users\/39"}],"replies":[{"embeddable":true,"href":"https:\/\/archive.sana.sy\/es\/index.php?rest_route=%2Fwp%2Fv2%2Fcomments&post=338249"}],"version-history":[{"count":5,"href":"https:\/\/archive.sana.sy\/es\/index.php?rest_route=\/wp\/v2\/posts\/338249\/revisions"}],"predecessor-version":[{"id":338255,"href":"https:\/\/archive.sana.sy\/es\/index.php?rest_route=\/wp\/v2\/posts\/338249\/revisions\/338255"}],"wp:featuredmedia":[{"embeddable":true,"href":"https:\/\/archive.sana.sy\/es\/index.php?rest_route=\/wp\/v2\/media\/338250"}],"wp:attachment":[{"href":"https:\/\/archive.sana.sy\/es\/index.php?rest_route=%2Fwp%2Fv2%2Fmedia&parent=338249"}],"wp:term":[{"taxonomy":"category","embeddable":true,"href":"https:\/\/archive.sana.sy\/es\/index.php?rest_route=%2Fwp%2Fv2%2Fcategories&post=338249"},{"taxonomy":"post_tag","embeddable":true,"href":"https:\/\/archive.sana.sy\/es\/index.php?rest_route=%2Fwp%2Fv2%2Ftags&post=338249"}],"curies":[{"name":"wp","href":"https:\/\/api.w.org\/{rel}","templated":true}]}}