{"id":338256,"date":"2024-09-16T17:20:53","date_gmt":"2024-09-16T14:20:53","guid":{"rendered":"https:\/\/sana.sy\/es\/?p=338256"},"modified":"2024-09-16T17:20:53","modified_gmt":"2024-09-16T14:20:53","slug":"putin-emite-un-decreto-que-aumenta-el-numero-de-militares-rusos-a-15-millones","status":"publish","type":"post","link":"https:\/\/archive.sana.sy\/es\/?p=338256","title":{"rendered":"Putin emite un decreto que aumenta el n\u00famero de militares rusos a 1,5 millones"},"content":{"rendered":"<p style=\"text-align: justify;\"><span style=\"color: #800000;\"><strong>Mosc\u00fa, 16 sep (SANA)<\/strong> <\/span>El presidente de Rusia, Vlad\u00edmir Putin, emiti\u00f3 hoy un decreto que aumenta el n\u00famero de personal del ej\u00e9rcito, incluidos civiles contratados y personal militar, a aproximadamente dos millones 400 mil personas.<\/p>\n<p style=\"text-align: justify;\">El decreto, que entrar\u00e1 en vigor a partir del pr\u00f3ximo 1 de diciembre, prev\u00e9 un aumento del n\u00famero total de efectivos del ej\u00e9rcito, incluidos civiles y militares contratados, a dos millones 389 mil personas, de los cuales 1,5 millones son militares.<\/p>\n<p style=\"text-align: justify;\">La nueva ley asigna al gobierno la tarea de encargarse las asignaciones necesarias del presupuesto del Ministerio de Defensa para cubrir el incremento del ej\u00e9rcito.<\/p>\n<p style=\"text-align: justify;\">Cabe destacar que el n\u00famero de efectivos del ej\u00e9rcito increment\u00f3 en diciembre de 2023 a 2.209.130 miembros, incluidos 1.320.000 militares.<br \/>\nsm<\/p>\n","protected":false},"excerpt":{"rendered":"<p>Mosc\u00fa, 16 sep (SANA) El presidente de Rusia, Vlad\u00edmir Putin, emiti\u00f3 hoy un decreto que aumenta el n\u00famero de personal del ej\u00e9rcito, incluidos civiles contratados y personal militar, a aproximadamente dos millones 400 mil personas. El decreto, que entrar\u00e1 en vigor a partir del pr\u00f3ximo 1 de diciembre, prev\u00e9 un aumento del n\u00famero total de &hellip;<\/p>\n","protected":false},"author":39,"featured_media":338257,"comment_status":"closed","ping_status":"closed","sticky":false,"template":"","format":"standard","meta":{"footnotes":""},"categories":[597,456,16687,20724,7541],"tags":[],"class_list":["post-338256","post","type-post","status-publish","format-standard","has-post-thumbnail","","category-cinta-de-noticias","category-arabe-internacional-politica","category-internacionales","category-minuto-a-minuto","category-ultimas-noticias"],"_links":{"self":[{"href":"https:\/\/archive.sana.sy\/es\/index.php?rest_route=\/wp\/v2\/posts\/338256"}],"collection":[{"href":"https:\/\/archive.sana.sy\/es\/index.php?rest_route=\/wp\/v2\/posts"}],"about":[{"href":"https:\/\/archive.sana.sy\/es\/index.php?rest_route=\/wp\/v2\/types\/post"}],"author":[{"embeddable":true,"href":"https:\/\/archive.sana.sy\/es\/index.php?rest_route=\/wp\/v2\/users\/39"}],"replies":[{"embeddable":true,"href":"https:\/\/archive.sana.sy\/es\/index.php?rest_route=%2Fwp%2Fv2%2Fcomments&post=338256"}],"version-history":[{"count":1,"href":"https:\/\/archive.sana.sy\/es\/index.php?rest_route=\/wp\/v2\/posts\/338256\/revisions"}],"predecessor-version":[{"id":338258,"href":"https:\/\/archive.sana.sy\/es\/index.php?rest_route=\/wp\/v2\/posts\/338256\/revisions\/338258"}],"wp:featuredmedia":[{"embeddable":true,"href":"https:\/\/archive.sana.sy\/es\/index.php?rest_route=\/wp\/v2\/media\/338257"}],"wp:attachment":[{"href":"https:\/\/archive.sana.sy\/es\/index.php?rest_route=%2Fwp%2Fv2%2Fmedia&parent=338256"}],"wp:term":[{"taxonomy":"category","embeddable":true,"href":"https:\/\/archive.sana.sy\/es\/index.php?rest_route=%2Fwp%2Fv2%2Fcategories&post=338256"},{"taxonomy":"post_tag","embeddable":true,"href":"https:\/\/archive.sana.sy\/es\/index.php?rest_route=%2Fwp%2Fv2%2Ftags&post=338256"}],"curies":[{"name":"wp","href":"https:\/\/api.w.org\/{rel}","templated":true}]}}