{"id":338261,"date":"2024-09-16T19:37:42","date_gmt":"2024-09-16T16:37:42","guid":{"rendered":"https:\/\/sana.sy\/es\/?p=338261"},"modified":"2024-09-16T19:37:42","modified_gmt":"2024-09-16T16:37:42","slug":"actualizacion-sobre-la-situacion-militar-en-la-region-rusa-de-kursk","status":"publish","type":"post","link":"https:\/\/archive.sana.sy\/es\/?p=338261","title":{"rendered":"Actualizaci\u00f3n sobre la situaci\u00f3n militar en la regi\u00f3n rusa de Kursk"},"content":{"rendered":"<p style=\"text-align: justify;\"><span style=\"color: #800000;\"><strong>Mosc\u00fa, 16 sep (SANA)<\/strong><\/span>\u00a0\u00a0 El Ministerio de Defensa de Rusia inform\u00f3 hoy que las Fuerzas Armadas liberaron las localidades de Borki y Usp\u00e9novka en la regi\u00f3n rusa de Kursk.<\/p>\n<p style=\"text-align: justify;\">El ente castrense inform\u00f3 que los militares rusos repelieron cinco ataques ucranianos cerca de las localidades de Bi\u00e1jovo, Bolshaya \u00d3bujovka, V\u00edktorovka, Liub\u00edmovka y M\u00e1laya Loknia. Adem\u00e1s, frustraron tres intentos de las FFAA de Ucrania de penetrar en las zonas de Krasnooktiabrski, Vesi\u00f3loye y Medvezhie.<\/p>\n<p style=\"text-align: justify;\">Las p\u00e9rdidas de Kiev en la zona, a lo largo del d\u00eda, ascendieron a 350 soldados y 13 veh\u00edculos blindados.<\/p>\n<p style=\"text-align: justify;\">En total, Ucrania ha perdido m\u00e1s de 13.800 combatientes y 115 tanques durante los combates en la regi\u00f3n rusa de Kursk.<\/p>\n<p>fm\/ahs<\/p>\n","protected":false},"excerpt":{"rendered":"<p>Mosc\u00fa, 16 sep (SANA)\u00a0\u00a0 El Ministerio de Defensa de Rusia inform\u00f3 hoy que las Fuerzas Armadas liberaron las localidades de Borki y Usp\u00e9novka en la regi\u00f3n rusa de Kursk. El ente castrense inform\u00f3 que los militares rusos repelieron cinco ataques ucranianos cerca de las localidades de Bi\u00e1jovo, Bolshaya \u00d3bujovka, V\u00edktorovka, Liub\u00edmovka y M\u00e1laya Loknia. Adem\u00e1s, &hellip;<\/p>\n","protected":false},"author":43,"featured_media":338262,"comment_status":"closed","ping_status":"closed","sticky":false,"template":"","format":"standard","meta":{"footnotes":""},"categories":[597,456,16687,20724,7541],"tags":[],"class_list":["post-338261","post","type-post","status-publish","format-standard","has-post-thumbnail","","category-cinta-de-noticias","category-arabe-internacional-politica","category-internacionales","category-minuto-a-minuto","category-ultimas-noticias"],"_links":{"self":[{"href":"https:\/\/archive.sana.sy\/es\/index.php?rest_route=\/wp\/v2\/posts\/338261"}],"collection":[{"href":"https:\/\/archive.sana.sy\/es\/index.php?rest_route=\/wp\/v2\/posts"}],"about":[{"href":"https:\/\/archive.sana.sy\/es\/index.php?rest_route=\/wp\/v2\/types\/post"}],"author":[{"embeddable":true,"href":"https:\/\/archive.sana.sy\/es\/index.php?rest_route=\/wp\/v2\/users\/43"}],"replies":[{"embeddable":true,"href":"https:\/\/archive.sana.sy\/es\/index.php?rest_route=%2Fwp%2Fv2%2Fcomments&post=338261"}],"version-history":[{"count":1,"href":"https:\/\/archive.sana.sy\/es\/index.php?rest_route=\/wp\/v2\/posts\/338261\/revisions"}],"predecessor-version":[{"id":338263,"href":"https:\/\/archive.sana.sy\/es\/index.php?rest_route=\/wp\/v2\/posts\/338261\/revisions\/338263"}],"wp:featuredmedia":[{"embeddable":true,"href":"https:\/\/archive.sana.sy\/es\/index.php?rest_route=\/wp\/v2\/media\/338262"}],"wp:attachment":[{"href":"https:\/\/archive.sana.sy\/es\/index.php?rest_route=%2Fwp%2Fv2%2Fmedia&parent=338261"}],"wp:term":[{"taxonomy":"category","embeddable":true,"href":"https:\/\/archive.sana.sy\/es\/index.php?rest_route=%2Fwp%2Fv2%2Fcategories&post=338261"},{"taxonomy":"post_tag","embeddable":true,"href":"https:\/\/archive.sana.sy\/es\/index.php?rest_route=%2Fwp%2Fv2%2Ftags&post=338261"}],"curies":[{"name":"wp","href":"https:\/\/api.w.org\/{rel}","templated":true}]}}