{"id":338318,"date":"2024-09-17T19:39:07","date_gmt":"2024-09-17T16:39:07","guid":{"rendered":"https:\/\/sana.sy\/es\/?p=338318"},"modified":"2024-09-17T19:39:07","modified_gmt":"2024-09-17T16:39:07","slug":"al-menos-ocho-martires-y-cientos-de-heridos-en-ataque-contra-dispositivos-pager-en-el-libano","status":"publish","type":"post","link":"https:\/\/archive.sana.sy\/es\/?p=338318","title":{"rendered":"Al menos ocho m\u00e1rtires y cientos de heridos en ataque contra dispositivos Pager en el L\u00edbano"},"content":{"rendered":"<p style=\"text-align: justify\"><span style=\"color: #800000\"><strong>Beirut, 17 sep (SANA)<\/strong><\/span> Ocho libaneses, entre ellos una ni\u00f1a, perdieron la vida, y cientos otros resultaron heridos tras la detonaci\u00f3n de dispositivos de comunicaci\u00f3n Pager en varias regiones del L\u00edbano.<\/p>\n<p style=\"text-align: justify\">En este contexto, la Agencia Nacional de Noticias libanesa cit\u00f3 al ministro de Salud liban\u00e9s, Firas Al-Abyad, que el ataque caus\u00f3 hasta el momento 8 m\u00e1rtires\u00a0 y al menos 2.750 heridos, entre ellos 200 casos cr\u00edticos , los cuales fueron recibidos por 100 hospitales.<\/p>\n<p style=\"text-align: justify\">La mayor\u00eda de las lesiones se ven en las manos, la cara y la zona abdominal, inform\u00f3.<\/p>\n<p style=\"text-align: justify\">La Agencia hab\u00eda informado anteriormente que el sistema de comunicaci\u00f3n de mens\u00e1fonos hab\u00eda sido atacado con el uso de alta tecnolog\u00eda, hecho que caus\u00f3 varias v\u00edctimas mortales y decenas de heridos.<\/p>\n<p style=\"text-align: justify\">la<\/p>\n","protected":false},"excerpt":{"rendered":"<p>Beirut, 17 sep (SANA) Ocho libaneses, entre ellos una ni\u00f1a, perdieron la vida, y cientos otros resultaron heridos tras la detonaci\u00f3n de dispositivos de comunicaci\u00f3n Pager en varias regiones del L\u00edbano. En este contexto, la Agencia Nacional de Noticias libanesa cit\u00f3 al ministro de Salud liban\u00e9s, Firas Al-Abyad, que el ataque caus\u00f3 hasta el momento &hellip;<\/p>\n","protected":false},"author":24,"featured_media":338319,"comment_status":"closed","ping_status":"closed","sticky":false,"template":"","format":"standard","meta":{"footnotes":""},"categories":[597,456,20724,583],"tags":[],"class_list":["post-338318","post","type-post","status-publish","format-standard","has-post-thumbnail","","category-cinta-de-noticias","category-arabe-internacional-politica","category-minuto-a-minuto","category-slide"],"_links":{"self":[{"href":"https:\/\/archive.sana.sy\/es\/index.php?rest_route=\/wp\/v2\/posts\/338318"}],"collection":[{"href":"https:\/\/archive.sana.sy\/es\/index.php?rest_route=\/wp\/v2\/posts"}],"about":[{"href":"https:\/\/archive.sana.sy\/es\/index.php?rest_route=\/wp\/v2\/types\/post"}],"author":[{"embeddable":true,"href":"https:\/\/archive.sana.sy\/es\/index.php?rest_route=\/wp\/v2\/users\/24"}],"replies":[{"embeddable":true,"href":"https:\/\/archive.sana.sy\/es\/index.php?rest_route=%2Fwp%2Fv2%2Fcomments&post=338318"}],"version-history":[{"count":1,"href":"https:\/\/archive.sana.sy\/es\/index.php?rest_route=\/wp\/v2\/posts\/338318\/revisions"}],"predecessor-version":[{"id":338320,"href":"https:\/\/archive.sana.sy\/es\/index.php?rest_route=\/wp\/v2\/posts\/338318\/revisions\/338320"}],"wp:featuredmedia":[{"embeddable":true,"href":"https:\/\/archive.sana.sy\/es\/index.php?rest_route=\/wp\/v2\/media\/338319"}],"wp:attachment":[{"href":"https:\/\/archive.sana.sy\/es\/index.php?rest_route=%2Fwp%2Fv2%2Fmedia&parent=338318"}],"wp:term":[{"taxonomy":"category","embeddable":true,"href":"https:\/\/archive.sana.sy\/es\/index.php?rest_route=%2Fwp%2Fv2%2Fcategories&post=338318"},{"taxonomy":"post_tag","embeddable":true,"href":"https:\/\/archive.sana.sy\/es\/index.php?rest_route=%2Fwp%2Fv2%2Ftags&post=338318"}],"curies":[{"name":"wp","href":"https:\/\/api.w.org\/{rel}","templated":true}]}}