{"id":338321,"date":"2024-09-17T19:02:14","date_gmt":"2024-09-17T16:02:14","guid":{"rendered":"https:\/\/sana.sy\/es\/?p=338321"},"modified":"2024-09-17T20:05:32","modified_gmt":"2024-09-17T17:05:32","slug":"embajador-irani-ante-libano-sufre-lesiones-leves-tras-la-explosion-de-cientos-de-buscapersonas","status":"publish","type":"post","link":"https:\/\/archive.sana.sy\/es\/?p=338321","title":{"rendered":"Embajador iran\u00ed sufre lesiones leves tras la explosi\u00f3n de cientos de buscapersonas en el L\u00edbano"},"content":{"rendered":"<p style=\"text-align: justify\"><span style=\"color: #800000\"><strong>Beirut, 17 sep (SANA)<\/strong><\/span> El embajador de Ir\u00e1n en el L\u00edbano, Mojtaba Amani, result\u00f3 levemente herido como consecuencia de la explosi\u00f3n de un dispositivo de comunicaci\u00f3n que pose\u00eda.<\/p>\n<p style=\"text-align: justify\">La Agencia de Noticias iran\u00ed cit\u00f3 a la c\u00f3nyuge del alto diplom\u00e1tico diciendo que el mismo sufri\u00f3 heridas leves por la explosi\u00f3n de un mens\u00e1fono que portaba, confirmando que el mismo se encuentra en buen estado de salud.<\/p>\n<p style=\"text-align: justify\">Cabe destacar que 8 personas perdieron la vida y al menos 2750 resultaron heridas en un ataque electr\u00f3nico contra los mens\u00e1fonos en varias zonas del L\u00edbano.<\/p>\n<p style=\"text-align: justify\">la<\/p>\n","protected":false},"excerpt":{"rendered":"<p>Beirut, 17 sep (SANA) El embajador de Ir\u00e1n en el L\u00edbano, Mojtaba Amani, result\u00f3 levemente herido como consecuencia de la explosi\u00f3n de un dispositivo de comunicaci\u00f3n que pose\u00eda. La Agencia de Noticias iran\u00ed cit\u00f3 a la c\u00f3nyuge del alto diplom\u00e1tico diciendo que el mismo sufri\u00f3 heridas leves por la explosi\u00f3n de un mens\u00e1fono que portaba, &hellip;<\/p>\n","protected":false},"author":24,"featured_media":338322,"comment_status":"closed","ping_status":"closed","sticky":false,"template":"","format":"standard","meta":{"footnotes":""},"categories":[597,456,20724,7541],"tags":[],"class_list":["post-338321","post","type-post","status-publish","format-standard","has-post-thumbnail","","category-cinta-de-noticias","category-arabe-internacional-politica","category-minuto-a-minuto","category-ultimas-noticias"],"_links":{"self":[{"href":"https:\/\/archive.sana.sy\/es\/index.php?rest_route=\/wp\/v2\/posts\/338321"}],"collection":[{"href":"https:\/\/archive.sana.sy\/es\/index.php?rest_route=\/wp\/v2\/posts"}],"about":[{"href":"https:\/\/archive.sana.sy\/es\/index.php?rest_route=\/wp\/v2\/types\/post"}],"author":[{"embeddable":true,"href":"https:\/\/archive.sana.sy\/es\/index.php?rest_route=\/wp\/v2\/users\/24"}],"replies":[{"embeddable":true,"href":"https:\/\/archive.sana.sy\/es\/index.php?rest_route=%2Fwp%2Fv2%2Fcomments&post=338321"}],"version-history":[{"count":2,"href":"https:\/\/archive.sana.sy\/es\/index.php?rest_route=\/wp\/v2\/posts\/338321\/revisions"}],"predecessor-version":[{"id":338324,"href":"https:\/\/archive.sana.sy\/es\/index.php?rest_route=\/wp\/v2\/posts\/338321\/revisions\/338324"}],"wp:featuredmedia":[{"embeddable":true,"href":"https:\/\/archive.sana.sy\/es\/index.php?rest_route=\/wp\/v2\/media\/338322"}],"wp:attachment":[{"href":"https:\/\/archive.sana.sy\/es\/index.php?rest_route=%2Fwp%2Fv2%2Fmedia&parent=338321"}],"wp:term":[{"taxonomy":"category","embeddable":true,"href":"https:\/\/archive.sana.sy\/es\/index.php?rest_route=%2Fwp%2Fv2%2Fcategories&post=338321"},{"taxonomy":"post_tag","embeddable":true,"href":"https:\/\/archive.sana.sy\/es\/index.php?rest_route=%2Fwp%2Fv2%2Ftags&post=338321"}],"curies":[{"name":"wp","href":"https:\/\/api.w.org\/{rel}","templated":true}]}}