{"id":338325,"date":"2024-09-17T20:17:05","date_gmt":"2024-09-17T17:17:05","guid":{"rendered":"https:\/\/sana.sy\/es\/?p=338325"},"modified":"2024-09-17T20:19:35","modified_gmt":"2024-09-17T17:19:35","slug":"hezbola-responsabiliza-al-ocupante-israeli-por-el-ataque-electronico-y-afirma-que-el-mismo-sera-castigado","status":"publish","type":"post","link":"https:\/\/archive.sana.sy\/es\/?p=338325","title":{"rendered":"Hezbol\u00e1 responsabiliza al ocupante israel\u00ed por el ataque electr\u00f3nico y afirma que el mismo ser\u00e1 castigado"},"content":{"rendered":"<p style=\"text-align: justify\"><span style=\"color: #800000\"><strong>Beirut, 17 sep (SANA)<\/strong> <\/span>El partido liban\u00e9s, Hezbol\u00e1 culp\u00f3 a la entidad ocupante de \u201cIsrael\u201d por las exposiciones de cientos de mens\u00e1fonos, ataque que caus\u00f3 al menos 8 m\u00e1rtires y cientos de heridos.<\/p>\n<p style=\"text-align: justify\">\u201cDespu\u00e9s de analizar todos los hechos actuales, los datos y la informaci\u00f3n disponible sobre el ataque obsceno que tuvo lugar esta tarde, responsabilizamos plenamente al enemigo israel\u00ed por esta agresi\u00f3n criminal, que tambi\u00e9n afect\u00f3 a civiles y provoc\u00f3 varios m\u00e1rtires y una gran n\u00famero de heridos\u201d, destac\u00f3 el partido de la Resistencia en un comunicado.<\/p>\n<p style=\"text-align: justify\">Confirm\u00f3 que el enemigo israel\u00ed recibir\u00e1 sin duda \u201cun castigo justo\u201d por este acto criminal.<\/p>\n<p style=\"text-align: justify\">la<\/p>\n","protected":false},"excerpt":{"rendered":"<p>Beirut, 17 sep (SANA) El partido liban\u00e9s, Hezbol\u00e1 culp\u00f3 a la entidad ocupante de \u201cIsrael\u201d por las exposiciones de cientos de mens\u00e1fonos, ataque que caus\u00f3 al menos 8 m\u00e1rtires y cientos de heridos. \u201cDespu\u00e9s de analizar todos los hechos actuales, los datos y la informaci\u00f3n disponible sobre el ataque obsceno que tuvo lugar esta tarde, &hellip;<\/p>\n","protected":false},"author":24,"featured_media":338326,"comment_status":"closed","ping_status":"closed","sticky":false,"template":"","format":"standard","meta":{"footnotes":""},"categories":[597,456,20724,7541],"tags":[],"class_list":["post-338325","post","type-post","status-publish","format-standard","has-post-thumbnail","","category-cinta-de-noticias","category-arabe-internacional-politica","category-minuto-a-minuto","category-ultimas-noticias"],"_links":{"self":[{"href":"https:\/\/archive.sana.sy\/es\/index.php?rest_route=\/wp\/v2\/posts\/338325"}],"collection":[{"href":"https:\/\/archive.sana.sy\/es\/index.php?rest_route=\/wp\/v2\/posts"}],"about":[{"href":"https:\/\/archive.sana.sy\/es\/index.php?rest_route=\/wp\/v2\/types\/post"}],"author":[{"embeddable":true,"href":"https:\/\/archive.sana.sy\/es\/index.php?rest_route=\/wp\/v2\/users\/24"}],"replies":[{"embeddable":true,"href":"https:\/\/archive.sana.sy\/es\/index.php?rest_route=%2Fwp%2Fv2%2Fcomments&post=338325"}],"version-history":[{"count":3,"href":"https:\/\/archive.sana.sy\/es\/index.php?rest_route=\/wp\/v2\/posts\/338325\/revisions"}],"predecessor-version":[{"id":338329,"href":"https:\/\/archive.sana.sy\/es\/index.php?rest_route=\/wp\/v2\/posts\/338325\/revisions\/338329"}],"wp:featuredmedia":[{"embeddable":true,"href":"https:\/\/archive.sana.sy\/es\/index.php?rest_route=\/wp\/v2\/media\/338326"}],"wp:attachment":[{"href":"https:\/\/archive.sana.sy\/es\/index.php?rest_route=%2Fwp%2Fv2%2Fmedia&parent=338325"}],"wp:term":[{"taxonomy":"category","embeddable":true,"href":"https:\/\/archive.sana.sy\/es\/index.php?rest_route=%2Fwp%2Fv2%2Fcategories&post=338325"},{"taxonomy":"post_tag","embeddable":true,"href":"https:\/\/archive.sana.sy\/es\/index.php?rest_route=%2Fwp%2Fv2%2Ftags&post=338325"}],"curies":[{"name":"wp","href":"https:\/\/api.w.org\/{rel}","templated":true}]}}