{"id":33833,"date":"2015-11-19T18:35:04","date_gmt":"2015-11-19T16:35:04","guid":{"rendered":"http:\/\/sana.sy\/es\/?p=33833"},"modified":"2015-11-19T19:38:52","modified_gmt":"2015-11-19T17:38:52","slug":"primer-ministro-inaugura-750-viviendas-para-jovenes-cerca-de-damasco","status":"publish","type":"post","link":"https:\/\/archive.sana.sy\/es\/?p=33833","title":{"rendered":"Primer ministro inaugura 750 viviendas para j\u00f3venes cerca de Damasco"},"content":{"rendered":"<p><span style=\"color: #800000\">Damasco, SANA<\/span><\/p>\n<p>Cumpliendo las directivas del presidente Bashar al-Assad, y con motivo del 45\u00ba aniversario del Movimiento de Rectificaci\u00f3n, el Primer Ministro, Wael al-Halaqui, inaugur\u00f3 750 unidades de vivienda del Proyecto de Viviendas para J\u00f3venes, en el suburbio de Qudsaya al noroeste de Damasco .<\/p>\n<p>El valor total de las nuevas viviendas inauguradas se estima en un valor 3.5 mil millones de libras sirias.<\/p>\n<p>En una declaraci\u00f3n a la prensa despu\u00e9s de la inauguraci\u00f3n, al-Halaqui reiter\u00f3 el inter\u00e9s del Gobierno en el sector de la vivienda por ser un sector estrat\u00e9gico, destacando que la inauguraci\u00f3n de las viviendas parte de la prioridad gubernamental de asegurar viviendas a las personas de bajos ingresos, en particular los j\u00f3venes, lo cual contribuir\u00eda a la estabilidad social y psicol\u00f3gico para la juventud.<\/p>\n<p><img loading=\"lazy\" decoding=\"async\" class=\"aligncenter size-medium wp-image-33880\" src=\"http:\/\/sana.sy\/es\/wp-content\/uploads\/2015\/11\/Halqui-Dahiyat-Qudssaya-300x150.jpg\" alt=\"Halqui- Dahiyat Qudssaya\" width=\"300\" height=\"150\" srcset=\"https:\/\/archive.sana.sy\/es\/wp-content\/uploads\/2015\/11\/Halqui-Dahiyat-Qudssaya-300x150.jpg 300w, https:\/\/archive.sana.sy\/es\/wp-content\/uploads\/2015\/11\/Halqui-Dahiyat-Qudssaya-150x75.jpg 150w, https:\/\/archive.sana.sy\/es\/wp-content\/uploads\/2015\/11\/Halqui-Dahiyat-Qudssaya.jpg 660w\" sizes=\"(max-width: 300px) 100vw, 300px\" \/><\/p>\n<p>Asimismo, opin\u00f3 que la inauguraci\u00f3n de nuevas viviendas constituye una evidencia de que el proceso de recuperaci\u00f3n y reconstrucci\u00f3n ya est\u00e1 en marcha, se\u00f1alando que el gobierno est\u00e1 trabajando en varios frentes en paralelo con la lucha contra el terrorismo, para la provisi\u00f3n de materiales b\u00e1sicos para los ciudadanos para mitigar los efectos de la guerra econ\u00f3mica injusta.<\/p>\n<p>En una declaraci\u00f3n similar, el Director General del Establecimiento General de Vivienda, Suhail Abdul Latif, explic\u00f3 que su Instituci\u00f3n ha completado el 60 por ciento de las cuatro primeras etapas del proyecto que incluye la construcci\u00f3n de cerca de 12 mil apartamentos.<\/p>\n<p>Cabe resaltar que el primer ministro inaugur\u00f3 la semana pasada unos proyectos con un valor de 35 mil millones de libras sirias en las provincias de Damasco, Tartous y Latakia.<\/p>\n<p>Fady M.,Lynn A.<\/p>\n","protected":false},"excerpt":{"rendered":"<p>Damasco, SANA Cumpliendo las directivas del presidente Bashar al-Assad, y con motivo del 45\u00ba aniversario del Movimiento de Rectificaci\u00f3n, el Primer Ministro, Wael al-Halaqui, inaugur\u00f3 750 unidades de vivienda del Proyecto de Viviendas para J\u00f3venes, en el suburbio de Qudsaya al noroeste de Damasco . El valor total de las nuevas viviendas inauguradas se estima &hellip;<\/p>\n","protected":false},"author":24,"featured_media":33834,"comment_status":"closed","ping_status":"closed","sticky":false,"template":"","format":"standard","meta":{"footnotes":""},"categories":[477,476],"tags":[],"class_list":["post-33833","post","type-post","status-publish","format-standard","has-post-thumbnail","","category-noticias-edulcorantes","category-locales"],"_links":{"self":[{"href":"https:\/\/archive.sana.sy\/es\/index.php?rest_route=\/wp\/v2\/posts\/33833"}],"collection":[{"href":"https:\/\/archive.sana.sy\/es\/index.php?rest_route=\/wp\/v2\/posts"}],"about":[{"href":"https:\/\/archive.sana.sy\/es\/index.php?rest_route=\/wp\/v2\/types\/post"}],"author":[{"embeddable":true,"href":"https:\/\/archive.sana.sy\/es\/index.php?rest_route=\/wp\/v2\/users\/24"}],"replies":[{"embeddable":true,"href":"https:\/\/archive.sana.sy\/es\/index.php?rest_route=%2Fwp%2Fv2%2Fcomments&post=33833"}],"version-history":[{"count":0,"href":"https:\/\/archive.sana.sy\/es\/index.php?rest_route=\/wp\/v2\/posts\/33833\/revisions"}],"wp:featuredmedia":[{"embeddable":true,"href":"https:\/\/archive.sana.sy\/es\/index.php?rest_route=\/wp\/v2\/media\/33834"}],"wp:attachment":[{"href":"https:\/\/archive.sana.sy\/es\/index.php?rest_route=%2Fwp%2Fv2%2Fmedia&parent=33833"}],"wp:term":[{"taxonomy":"category","embeddable":true,"href":"https:\/\/archive.sana.sy\/es\/index.php?rest_route=%2Fwp%2Fv2%2Fcategories&post=33833"},{"taxonomy":"post_tag","embeddable":true,"href":"https:\/\/archive.sana.sy\/es\/index.php?rest_route=%2Fwp%2Fv2%2Ftags&post=33833"}],"curies":[{"name":"wp","href":"https:\/\/api.w.org\/{rel}","templated":true}]}}