{"id":338330,"date":"2024-09-17T20:36:13","date_gmt":"2024-09-17T17:36:13","guid":{"rendered":"https:\/\/sana.sy\/es\/?p=338330"},"modified":"2024-09-17T20:37:23","modified_gmt":"2024-09-17T17:37:23","slug":"cancilleria-libanesa-condena-ataque-israeli-y-lo-califica-de-escalada-peligrosa","status":"publish","type":"post","link":"https:\/\/archive.sana.sy\/es\/?p=338330","title":{"rendered":"Canciller\u00eda libanesa condena ataque electr\u00f3nico israel\u00ed y lo califica de \u201cescalada peligrosa\u201d"},"content":{"rendered":"<p style=\"text-align: justify\"><span style=\"color: #800000\"><strong>Beirut, 17 sep (SANA)<\/strong><\/span> El Ministerio liban\u00e9s de Asuntos Exteriores y Expatriados del L\u00edbano conden\u00f3 en los t\u00e9rminos m\u00e1s en\u00e9rgicos el ataque israel\u00ed que provoc\u00f3 la explosi\u00f3n en cadena de un gran n\u00famero de mens\u00e1fonos en varias regiones libanesas, dejando un saldo inicial de 8 m\u00e1rtires cientos de heridos.<\/p>\n<p style=\"text-align: justify\">En un comunicado, la Canciller\u00eda libanesa calific\u00f3 este ataque de \u201cuna peligrosa y deliberada escalada por parte de \u201cIsrael\u201d, la cual viene acompa\u00f1ada de amenazas de ampliar a gran escala la guerra hacia el L\u00edbano\u201d.<\/p>\n<p style=\"text-align: justify\">El Ministerio de Asuntos Exteriores comenz\u00f3 a preparar una denuncia para presentarla al Consejo de Seguridad respecto a este atentado criminal , agreg\u00f3.<\/p>\n<p>&nbsp;<\/p>\n<p>la<\/p>\n","protected":false},"excerpt":{"rendered":"<p>Beirut, 17 sep (SANA) El Ministerio liban\u00e9s de Asuntos Exteriores y Expatriados del L\u00edbano conden\u00f3 en los t\u00e9rminos m\u00e1s en\u00e9rgicos el ataque israel\u00ed que provoc\u00f3 la explosi\u00f3n en cadena de un gran n\u00famero de mens\u00e1fonos en varias regiones libanesas, dejando un saldo inicial de 8 m\u00e1rtires cientos de heridos. En un comunicado, la Canciller\u00eda libanesa &hellip;<\/p>\n","protected":false},"author":24,"featured_media":338331,"comment_status":"closed","ping_status":"closed","sticky":false,"template":"","format":"standard","meta":{"footnotes":""},"categories":[597,456,20724,7541],"tags":[],"class_list":["post-338330","post","type-post","status-publish","format-standard","has-post-thumbnail","","category-cinta-de-noticias","category-arabe-internacional-politica","category-minuto-a-minuto","category-ultimas-noticias"],"_links":{"self":[{"href":"https:\/\/archive.sana.sy\/es\/index.php?rest_route=\/wp\/v2\/posts\/338330"}],"collection":[{"href":"https:\/\/archive.sana.sy\/es\/index.php?rest_route=\/wp\/v2\/posts"}],"about":[{"href":"https:\/\/archive.sana.sy\/es\/index.php?rest_route=\/wp\/v2\/types\/post"}],"author":[{"embeddable":true,"href":"https:\/\/archive.sana.sy\/es\/index.php?rest_route=\/wp\/v2\/users\/24"}],"replies":[{"embeddable":true,"href":"https:\/\/archive.sana.sy\/es\/index.php?rest_route=%2Fwp%2Fv2%2Fcomments&post=338330"}],"version-history":[{"count":2,"href":"https:\/\/archive.sana.sy\/es\/index.php?rest_route=\/wp\/v2\/posts\/338330\/revisions"}],"predecessor-version":[{"id":338333,"href":"https:\/\/archive.sana.sy\/es\/index.php?rest_route=\/wp\/v2\/posts\/338330\/revisions\/338333"}],"wp:featuredmedia":[{"embeddable":true,"href":"https:\/\/archive.sana.sy\/es\/index.php?rest_route=\/wp\/v2\/media\/338331"}],"wp:attachment":[{"href":"https:\/\/archive.sana.sy\/es\/index.php?rest_route=%2Fwp%2Fv2%2Fmedia&parent=338330"}],"wp:term":[{"taxonomy":"category","embeddable":true,"href":"https:\/\/archive.sana.sy\/es\/index.php?rest_route=%2Fwp%2Fv2%2Fcategories&post=338330"},{"taxonomy":"post_tag","embeddable":true,"href":"https:\/\/archive.sana.sy\/es\/index.php?rest_route=%2Fwp%2Fv2%2Ftags&post=338330"}],"curies":[{"name":"wp","href":"https:\/\/api.w.org\/{rel}","templated":true}]}}