{"id":338339,"date":"2024-09-18T05:41:25","date_gmt":"2024-09-18T02:41:25","guid":{"rendered":"https:\/\/sana.sy\/es\/?p=338339"},"modified":"2024-09-18T05:43:01","modified_gmt":"2024-09-18T02:43:01","slug":"siria-condena-agresion-cibernetica-de-israel-contra-libano-y-la-tacha-de-terrorista-y-traicionera","status":"publish","type":"post","link":"https:\/\/archive.sana.sy\/es\/?p=338339","title":{"rendered":"Siria condena agresi\u00f3n cibern\u00e9tica de \u201cIsrael\u201d contra L\u00edbano y la tacha de terrorista y traicionera \u00a0"},"content":{"rendered":"<p style=\"text-align: justify;\"><span style=\"color: #800000;\"><strong>Damasco, 18 sep (SANA)\u00a0<\/strong> <\/span>El Gobierno de Siria conden\u00f3 en\u00e9rgicamente el reciente crimen sangriento cometido por \u201cIsrael\u201d contra los civiles en el L\u00edbano, y expres\u00f3 su firme solidaridad con el hermano pueblo liban\u00e9s y su apoyo a su derecho a defenderse.<\/p>\n<p style=\"text-align: justify;\">\u201cLa entidad racista sionista cometi\u00f3 una agresi\u00f3n sangrienta contra nuestros hermanos libaneses al llevar a cabo un ataque electr\u00f3nico contra los dispositivos de comunicaci\u00f3n utilizando la tecnolog\u00eda como medio para perpetrar matanzas y derramar sangre lo que constituye un precedente, afirm\u00f3 el Ministerio de Asuntos Exteriores y Expatriados en un comunicado.<\/p>\n<p style=\"text-align: justify;\"><img loading=\"lazy\" decoding=\"async\" class=\"wp-image-338342 alignleft\" src=\"http:\/\/sana.sy\/es\/wp-content\/uploads\/2024\/09\/LIBANO-EXPLOSIONES-4-1.jpg\" alt=\"\" width=\"320\" height=\"183\" srcset=\"https:\/\/archive.sana.sy\/es\/wp-content\/uploads\/2024\/09\/LIBANO-EXPLOSIONES-4-1.jpg 1259w, https:\/\/archive.sana.sy\/es\/wp-content\/uploads\/2024\/09\/LIBANO-EXPLOSIONES-4-1-300x172.jpg 300w, https:\/\/archive.sana.sy\/es\/wp-content\/uploads\/2024\/09\/LIBANO-EXPLOSIONES-4-1-1024x586.jpg 1024w, https:\/\/archive.sana.sy\/es\/wp-content\/uploads\/2024\/09\/LIBANO-EXPLOSIONES-4-1-150x86.jpg 150w, https:\/\/archive.sana.sy\/es\/wp-content\/uploads\/2024\/09\/LIBANO-EXPLOSIONES-4-1-768x439.jpg 768w\" sizes=\"(max-width: 320px) 100vw, 320px\" \/>A\u00f1adi\u00f3 que Siria condena en\u00e9rgicamente esta agresi\u00f3n terrorista y este nuevo crimen sangriento contra los civiles en el L\u00edbano, y considera que el mismo refleja el deseo de &#8220;Israel&#8221; de ampliar el alcance de la guerra y muestra su sed de derramar m\u00e1s sangre.<\/p>\n<p style=\"text-align: justify;\">Manifest\u00f3 la firme solidaridad de Siria con el hermano pueblo liban\u00e9s y su apoyo a su derecho a defenderse, y expres\u00f3 su confianza en su capacidad para hacer frente a esta traicionera agresi\u00f3n sionista.<\/p>\n<p style=\"text-align: justify;\">Al concluir su declaraci\u00f3n, la Canciller\u00eda hizo un llamado a todos los pa\u00edses y pueblos del mundo a condenar inequ\u00edvocamente esta agresi\u00f3n infame.<\/p>\n<p style=\"text-align: justify;\">El Ministro de Salud liban\u00e9s anunci\u00f3 que el n\u00famero de muertos como resultado de la ciberagresi\u00f3n israel\u00ed mediante la detonaci\u00f3n de los dispositivos de comunicaci\u00f3n inal\u00e1mbricos \u201cPager\u201d hab\u00eda aumentado a 11 muertos y 4.000 heridos, incluidos 400 en estado cr\u00edtico.<\/p>\n<p style=\"text-align: justify;\">fm<\/p>\n","protected":false},"excerpt":{"rendered":"<p>Damasco, 18 sep (SANA)\u00a0 El Gobierno de Siria conden\u00f3 en\u00e9rgicamente el reciente crimen sangriento cometido por \u201cIsrael\u201d contra los civiles en el L\u00edbano, y expres\u00f3 su firme solidaridad con el hermano pueblo liban\u00e9s y su apoyo a su derecho a defenderse. \u201cLa entidad racista sionista cometi\u00f3 una agresi\u00f3n sangrienta contra nuestros hermanos libaneses al llevar &hellip;<\/p>\n","protected":false},"author":34,"featured_media":338340,"comment_status":"closed","ping_status":"closed","sticky":false,"template":"","format":"standard","meta":{"footnotes":""},"categories":[447,477,597,20724,476,467,583],"tags":[],"class_list":["post-338339","post","type-post","status-publish","format-standard","has-post-thumbnail","","category-local-politica","category-noticias-edulcorantes","category-cinta-de-noticias","category-minuto-a-minuto","category-locales","category-siria-y-el-mundo","category-slide"],"_links":{"self":[{"href":"https:\/\/archive.sana.sy\/es\/index.php?rest_route=\/wp\/v2\/posts\/338339"}],"collection":[{"href":"https:\/\/archive.sana.sy\/es\/index.php?rest_route=\/wp\/v2\/posts"}],"about":[{"href":"https:\/\/archive.sana.sy\/es\/index.php?rest_route=\/wp\/v2\/types\/post"}],"author":[{"embeddable":true,"href":"https:\/\/archive.sana.sy\/es\/index.php?rest_route=\/wp\/v2\/users\/34"}],"replies":[{"embeddable":true,"href":"https:\/\/archive.sana.sy\/es\/index.php?rest_route=%2Fwp%2Fv2%2Fcomments&post=338339"}],"version-history":[{"count":3,"href":"https:\/\/archive.sana.sy\/es\/index.php?rest_route=\/wp\/v2\/posts\/338339\/revisions"}],"predecessor-version":[{"id":338344,"href":"https:\/\/archive.sana.sy\/es\/index.php?rest_route=\/wp\/v2\/posts\/338339\/revisions\/338344"}],"wp:featuredmedia":[{"embeddable":true,"href":"https:\/\/archive.sana.sy\/es\/index.php?rest_route=\/wp\/v2\/media\/338340"}],"wp:attachment":[{"href":"https:\/\/archive.sana.sy\/es\/index.php?rest_route=%2Fwp%2Fv2%2Fmedia&parent=338339"}],"wp:term":[{"taxonomy":"category","embeddable":true,"href":"https:\/\/archive.sana.sy\/es\/index.php?rest_route=%2Fwp%2Fv2%2Fcategories&post=338339"},{"taxonomy":"post_tag","embeddable":true,"href":"https:\/\/archive.sana.sy\/es\/index.php?rest_route=%2Fwp%2Fv2%2Ftags&post=338339"}],"curies":[{"name":"wp","href":"https:\/\/api.w.org\/{rel}","templated":true}]}}