{"id":338369,"date":"2024-09-18T15:03:17","date_gmt":"2024-09-18T12:03:17","guid":{"rendered":"https:\/\/sana.sy\/es\/?p=338369"},"modified":"2024-09-18T15:10:24","modified_gmt":"2024-09-18T12:10:24","slug":"libano-revela-cifra-final-de-muertos-y-heridos-por-los-ciberataques-de-israel","status":"publish","type":"post","link":"https:\/\/archive.sana.sy\/es\/?p=338369","title":{"rendered":"L\u00edbano revela cifra final de muertos y heridos por los ciberataques de Israel"},"content":{"rendered":"<p style=\"text-align: justify;\"><span style=\"color: #800000;\"><strong>Beirut, 18 sep (SANA)<\/strong><\/span> El ministro liban\u00e9s de Salud P\u00fablica, Firas Al-Abyad, anunci\u00f3 hoy en una rueda de prensa, que 12 personas perdieron la vida y alrededor de 3.000 resultaron heridas, incluidas 300 en estado cr\u00edtico, debido a los ataques electr\u00f3nicos de Israel perpetrados la v\u00edspera y que causaron la explosi\u00f3n de cientos de aparatos de comunicaci\u00f3n \u201cPagers\u201d.<\/p>\n<p style=\"text-align: justify;\">\u201cNo tuvimos ninguna advertencia previa sobre las explosiones que ocurrieron\u201d, afirm\u00f3 el Titular, y agreg\u00f3 que los planes de emergencia y de respuesta r\u00e1pida desempe\u00f1aron un buen papel en la prestaci\u00f3n de primeros auxilios.<\/p>\n<p style=\"text-align: justify;\">Confirm\u00f3 la muerte de 12 personas, incluidos 4 miembros del personal m\u00e9dico, y la herida de 2.780.<br \/>\n\u201cEl n\u00famero de heridos oscila entre 2.750 y 2.800, incluidos 750 heridos en el sur, 150 en la Bekaa y 1.850 en Beirut y los suburbios\u201d, destac\u00f3.<\/p>\n<p style=\"text-align: justify;\">Al-Abyad puntualiz\u00f3 que 300 de los lesionados se encuentran en estado grave y que la mayor\u00eda de las cirug\u00edas realizadas a los heridos se realizaron en los ojos y extremidades.<\/p>\n<p style=\"text-align: justify;\">Revel\u00f3 que varios heridos fueron trasladados a Siria y otros ser\u00e1n enviados a Ir\u00e1n para recibir tratamiento, y revel\u00f3 que un lote de ayuda m\u00e9dica lleg\u00f3 de Iraq, Ir\u00e1n y Jordania.<\/p>\n<p style=\"text-align: justify;\">El Ministro liban\u00e9s aclar\u00f3 que 1.184 ambulancias participaron en el traslado de los heridos a 100 hospitales.<\/p>\n<p style=\"text-align: justify;\">Parece que \u201cIsrael\u201d busca una escalada y nosotros, como gobierno liban\u00e9s, no queremos la guerra, concluy\u00f3 el Ministro.<\/p>\n<p style=\"text-align: justify;\">fm\/as<\/p>\n","protected":false},"excerpt":{"rendered":"<p>Beirut, 18 sep (SANA) El ministro liban\u00e9s de Salud P\u00fablica, Firas Al-Abyad, anunci\u00f3 hoy en una rueda de prensa, que 12 personas perdieron la vida y alrededor de 3.000 resultaron heridas, incluidas 300 en estado cr\u00edtico, debido a los ataques electr\u00f3nicos de Israel perpetrados la v\u00edspera y que causaron la explosi\u00f3n de cientos de aparatos &hellip;<\/p>\n","protected":false},"author":42,"featured_media":338370,"comment_status":"closed","ping_status":"closed","sticky":false,"template":"","format":"standard","meta":{"footnotes":""},"categories":[597,456,16687,20724,7541],"tags":[],"class_list":["post-338369","post","type-post","status-publish","format-standard","has-post-thumbnail","","category-cinta-de-noticias","category-arabe-internacional-politica","category-internacionales","category-minuto-a-minuto","category-ultimas-noticias"],"_links":{"self":[{"href":"https:\/\/archive.sana.sy\/es\/index.php?rest_route=\/wp\/v2\/posts\/338369"}],"collection":[{"href":"https:\/\/archive.sana.sy\/es\/index.php?rest_route=\/wp\/v2\/posts"}],"about":[{"href":"https:\/\/archive.sana.sy\/es\/index.php?rest_route=\/wp\/v2\/types\/post"}],"author":[{"embeddable":true,"href":"https:\/\/archive.sana.sy\/es\/index.php?rest_route=\/wp\/v2\/users\/42"}],"replies":[{"embeddable":true,"href":"https:\/\/archive.sana.sy\/es\/index.php?rest_route=%2Fwp%2Fv2%2Fcomments&post=338369"}],"version-history":[{"count":3,"href":"https:\/\/archive.sana.sy\/es\/index.php?rest_route=\/wp\/v2\/posts\/338369\/revisions"}],"predecessor-version":[{"id":338376,"href":"https:\/\/archive.sana.sy\/es\/index.php?rest_route=\/wp\/v2\/posts\/338369\/revisions\/338376"}],"wp:featuredmedia":[{"embeddable":true,"href":"https:\/\/archive.sana.sy\/es\/index.php?rest_route=\/wp\/v2\/media\/338370"}],"wp:attachment":[{"href":"https:\/\/archive.sana.sy\/es\/index.php?rest_route=%2Fwp%2Fv2%2Fmedia&parent=338369"}],"wp:term":[{"taxonomy":"category","embeddable":true,"href":"https:\/\/archive.sana.sy\/es\/index.php?rest_route=%2Fwp%2Fv2%2Fcategories&post=338369"},{"taxonomy":"post_tag","embeddable":true,"href":"https:\/\/archive.sana.sy\/es\/index.php?rest_route=%2Fwp%2Fv2%2Ftags&post=338369"}],"curies":[{"name":"wp","href":"https:\/\/api.w.org\/{rel}","templated":true}]}}