{"id":338377,"date":"2024-09-18T15:12:42","date_gmt":"2024-09-18T12:12:42","guid":{"rendered":"https:\/\/sana.sy\/es\/?p=338377"},"modified":"2024-09-18T15:12:58","modified_gmt":"2024-09-18T12:12:58","slug":"41-272-muertos-en-gaza-desde-el-inicio-de-la-guerra-genocida-israeli","status":"publish","type":"post","link":"https:\/\/archive.sana.sy\/es\/?p=338377","title":{"rendered":"41.272 muertos en Gaza desde el inicio de la guerra genocida israel\u00ed"},"content":{"rendered":"<p style=\"text-align: justify;\"><span style=\"color: #800000;\"><strong>Jerusal\u00e9n ocupada, 18 sep (SANA)<\/strong><\/span> El Ministerio de Salud palestino anunci\u00f3 hoy que el ocupante israel\u00ed cometi\u00f3 dos masacres en la Franja de Gaza durante las \u00faltimas 24 horas, dejando 20 muertos y 54 heridos .<\/p>\n<p style=\"text-align: justify;\">Un comunicado del Ministerio precis\u00f3 que la cifra de v\u00edctimas durante 348 d\u00edas de agresi\u00f3n contra Gaza ascendi\u00f3 a 41.272 muertos y 95.551 heridos.<\/p>\n<p style=\"text-align: justify;\">Decenas de cuerpos todav\u00eda est\u00e1n bajo los escombros y en las carreteras, y las ambulancias y los equipos de defensa civil no pueden llegar a ellos, destac\u00f3 el ente de salud.<\/p>\n<p style=\"text-align: justify;\">Inform\u00f3 sobre la muerte del m\u00e9dico Ziad Al-Dalu dentro de las c\u00e1rceles israel\u00edes despu\u00e9s de que fuera arrestado en el Complejo M\u00e9dico de Al-Shifa el 18 de marzo pasado mientras cumpl\u00eda su deber humanitario.<\/p>\n<p style=\"text-align: justify;\">Conden\u00f3 este nuevo crimen atroz contra el personal m\u00e9dico palestino y consider\u00f3 que atacar al personal de salud mientras cumple su deber humanitario es una violaci\u00f3n flagrante del derecho internacional humanitario y de los convenios internacionales.<\/p>\n<p style=\"text-align: justify;\">fm\/as<\/p>\n","protected":false},"excerpt":{"rendered":"<p>Jerusal\u00e9n ocupada, 18 sep (SANA) El Ministerio de Salud palestino anunci\u00f3 hoy que el ocupante israel\u00ed cometi\u00f3 dos masacres en la Franja de Gaza durante las \u00faltimas 24 horas, dejando 20 muertos y 54 heridos . Un comunicado del Ministerio precis\u00f3 que la cifra de v\u00edctimas durante 348 d\u00edas de agresi\u00f3n contra Gaza ascendi\u00f3 a &hellip;<\/p>\n","protected":false},"author":42,"featured_media":338378,"comment_status":"closed","ping_status":"closed","sticky":false,"template":"","format":"standard","meta":{"footnotes":""},"categories":[597,456,16687,20724,583,1],"tags":[],"class_list":["post-338377","post","type-post","status-publish","format-standard","has-post-thumbnail","","category-cinta-de-noticias","category-arabe-internacional-politica","category-internacionales","category-minuto-a-minuto","category-slide","category-news-not-sorted"],"_links":{"self":[{"href":"https:\/\/archive.sana.sy\/es\/index.php?rest_route=\/wp\/v2\/posts\/338377"}],"collection":[{"href":"https:\/\/archive.sana.sy\/es\/index.php?rest_route=\/wp\/v2\/posts"}],"about":[{"href":"https:\/\/archive.sana.sy\/es\/index.php?rest_route=\/wp\/v2\/types\/post"}],"author":[{"embeddable":true,"href":"https:\/\/archive.sana.sy\/es\/index.php?rest_route=\/wp\/v2\/users\/42"}],"replies":[{"embeddable":true,"href":"https:\/\/archive.sana.sy\/es\/index.php?rest_route=%2Fwp%2Fv2%2Fcomments&post=338377"}],"version-history":[{"count":1,"href":"https:\/\/archive.sana.sy\/es\/index.php?rest_route=\/wp\/v2\/posts\/338377\/revisions"}],"predecessor-version":[{"id":338379,"href":"https:\/\/archive.sana.sy\/es\/index.php?rest_route=\/wp\/v2\/posts\/338377\/revisions\/338379"}],"wp:featuredmedia":[{"embeddable":true,"href":"https:\/\/archive.sana.sy\/es\/index.php?rest_route=\/wp\/v2\/media\/338378"}],"wp:attachment":[{"href":"https:\/\/archive.sana.sy\/es\/index.php?rest_route=%2Fwp%2Fv2%2Fmedia&parent=338377"}],"wp:term":[{"taxonomy":"category","embeddable":true,"href":"https:\/\/archive.sana.sy\/es\/index.php?rest_route=%2Fwp%2Fv2%2Fcategories&post=338377"},{"taxonomy":"post_tag","embeddable":true,"href":"https:\/\/archive.sana.sy\/es\/index.php?rest_route=%2Fwp%2Fv2%2Ftags&post=338377"}],"curies":[{"name":"wp","href":"https:\/\/api.w.org\/{rel}","templated":true}]}}