{"id":338382,"date":"2024-09-18T17:26:09","date_gmt":"2024-09-18T14:26:09","guid":{"rendered":"https:\/\/sana.sy\/es\/?p=338382"},"modified":"2024-09-19T05:47:21","modified_gmt":"2024-09-19T02:47:21","slug":"ejercito-ruso-elimina-a-mercenarios-estadounidenses-en-kursk","status":"publish","type":"post","link":"https:\/\/archive.sana.sy\/es\/?p=338382","title":{"rendered":"Ej\u00e9rcito ruso elimina a mercenarios estadounidenses en Kursk"},"content":{"rendered":"<p style=\"text-align: justify;\"><span style=\"color: #800000;\"><strong>Mosc\u00fa, 18 sep (SANA)<\/strong> <\/span>Las fuerzas especiales de Rusia eliminaron a mercenarios del grupo estadounidense Forward Observation y a efectivos ucranianos de operaciones especiales en la regi\u00f3n de Kursk.<\/p>\n<p style=\"text-align: justify;\">Seg\u00fan la comunicaci\u00f3n del ente castrense, los efectivos del ej\u00e9rcito privado Forward no son parte de una legi\u00f3n extranjera de georgianos o polacos perdidos, son militares profesionales.<\/p>\n<p style=\"text-align: justify;\">Las tropas ucranianas perdieron miles de hombres desde que irrumpieron en la provincia fronteriza de Kursk el pasado 6 de agosto, remarc\u00f3 la nota, y agreg\u00f3 que a pesar de ello, Kiev continua el env\u00edo de tropas a esa regi\u00f3n.<\/p>\n<p style=\"text-align: justify;\">Seg\u00fan un informe del Ministerio de Defensa, las fuerzas enemigas sufrieron m\u00e1s de 14 mil 200 bajas en esa zona desde el 6 de agosto.<\/p>\n<p style=\"text-align: justify;\">fm\/la<\/p>\n","protected":false},"excerpt":{"rendered":"<p>Mosc\u00fa, 18 sep (SANA) Las fuerzas especiales de Rusia eliminaron a mercenarios del grupo estadounidense Forward Observation y a efectivos ucranianos de operaciones especiales en la regi\u00f3n de Kursk. Seg\u00fan la comunicaci\u00f3n del ente castrense, los efectivos del ej\u00e9rcito privado Forward no son parte de una legi\u00f3n extranjera de georgianos o polacos perdidos, son militares &hellip;<\/p>\n","protected":false},"author":24,"featured_media":338383,"comment_status":"closed","ping_status":"closed","sticky":false,"template":"","format":"standard","meta":{"footnotes":""},"categories":[597,456,20724,583],"tags":[],"class_list":["post-338382","post","type-post","status-publish","format-standard","has-post-thumbnail","","category-cinta-de-noticias","category-arabe-internacional-politica","category-minuto-a-minuto","category-slide"],"_links":{"self":[{"href":"https:\/\/archive.sana.sy\/es\/index.php?rest_route=\/wp\/v2\/posts\/338382"}],"collection":[{"href":"https:\/\/archive.sana.sy\/es\/index.php?rest_route=\/wp\/v2\/posts"}],"about":[{"href":"https:\/\/archive.sana.sy\/es\/index.php?rest_route=\/wp\/v2\/types\/post"}],"author":[{"embeddable":true,"href":"https:\/\/archive.sana.sy\/es\/index.php?rest_route=\/wp\/v2\/users\/24"}],"replies":[{"embeddable":true,"href":"https:\/\/archive.sana.sy\/es\/index.php?rest_route=%2Fwp%2Fv2%2Fcomments&post=338382"}],"version-history":[{"count":2,"href":"https:\/\/archive.sana.sy\/es\/index.php?rest_route=\/wp\/v2\/posts\/338382\/revisions"}],"predecessor-version":[{"id":338409,"href":"https:\/\/archive.sana.sy\/es\/index.php?rest_route=\/wp\/v2\/posts\/338382\/revisions\/338409"}],"wp:featuredmedia":[{"embeddable":true,"href":"https:\/\/archive.sana.sy\/es\/index.php?rest_route=\/wp\/v2\/media\/338383"}],"wp:attachment":[{"href":"https:\/\/archive.sana.sy\/es\/index.php?rest_route=%2Fwp%2Fv2%2Fmedia&parent=338382"}],"wp:term":[{"taxonomy":"category","embeddable":true,"href":"https:\/\/archive.sana.sy\/es\/index.php?rest_route=%2Fwp%2Fv2%2Fcategories&post=338382"},{"taxonomy":"post_tag","embeddable":true,"href":"https:\/\/archive.sana.sy\/es\/index.php?rest_route=%2Fwp%2Fv2%2Ftags&post=338382"}],"curies":[{"name":"wp","href":"https:\/\/api.w.org\/{rel}","templated":true}]}}