{"id":338387,"date":"2024-09-18T19:01:29","date_gmt":"2024-09-18T16:01:29","guid":{"rendered":"https:\/\/sana.sy\/es\/?p=338387"},"modified":"2024-09-18T19:02:19","modified_gmt":"2024-09-18T16:02:19","slug":"planificado-a-sangre-fria-asi-califico-cancilleria-rusa-ataque-electronico-israeli-en-el-libano","status":"publish","type":"post","link":"https:\/\/archive.sana.sy\/es\/?p=338387","title":{"rendered":"&#8220;Planificado a sangre fr\u00eda&#8221;, as\u00ed calific\u00f3 Canciller\u00eda rusa ataque electr\u00f3nico israel\u00ed en el L\u00edbano"},"content":{"rendered":"<p style=\"text-align: justify\"><span style=\"color: #800000\"><strong>Mosc\u00fa, 18 sep (SANA)<\/strong><\/span> El Ministerio de Asuntos Exteriores ruso tild\u00f3 la ola de explosiones de dispositivos de comunicaciones en El L\u00edbano de \u201cun acto terrorista planificado a sangre fr\u00eda\u201d.<\/p>\n<p style=\"text-align: justify\">Al comentar sobre el ciberataque israel\u00ed, la agencia RT cit\u00f3 a la portavoz oficial del Ministerio, Maria Zaj\u00e1rova, diciendo hoy que: &#8220;Est\u00e1 claro que no fue llevado a cabo por un terrorista suicida, y fue planeado a sangre fr\u00eda, y todos los indicadores confirman que se trata de un acto terrorista internacional\u201d.<\/p>\n<p style=\"text-align: justify\">Resalt\u00f3 la necesidad de llevar a cabo una investigaci\u00f3n internacional sobre este ataque. &#8220;En el caso de que Occidente elude la misma, esto evidenciar\u00e1 su participaci\u00f3n directa\u201d, marc\u00f3<\/p>\n<p style=\"text-align: justify\">Es de destacar que doce personas perdieron la vida y otras 2.800 resultaron heridas ayer por explosiones en cadena de mens\u00e1fonos en diferentes regiones del L\u00edbano.<\/p>\n<p>la<\/p>\n","protected":false},"excerpt":{"rendered":"<p>Mosc\u00fa, 18 sep (SANA) El Ministerio de Asuntos Exteriores ruso tild\u00f3 la ola de explosiones de dispositivos de comunicaciones en El L\u00edbano de \u201cun acto terrorista planificado a sangre fr\u00eda\u201d. Al comentar sobre el ciberataque israel\u00ed, la agencia RT cit\u00f3 a la portavoz oficial del Ministerio, Maria Zaj\u00e1rova, diciendo hoy que: &#8220;Est\u00e1 claro que no &hellip;<\/p>\n","protected":false},"author":24,"featured_media":338388,"comment_status":"closed","ping_status":"closed","sticky":false,"template":"","format":"standard","meta":{"footnotes":""},"categories":[597,456,20724,7541],"tags":[],"class_list":["post-338387","post","type-post","status-publish","format-standard","has-post-thumbnail","","category-cinta-de-noticias","category-arabe-internacional-politica","category-minuto-a-minuto","category-ultimas-noticias"],"_links":{"self":[{"href":"https:\/\/archive.sana.sy\/es\/index.php?rest_route=\/wp\/v2\/posts\/338387"}],"collection":[{"href":"https:\/\/archive.sana.sy\/es\/index.php?rest_route=\/wp\/v2\/posts"}],"about":[{"href":"https:\/\/archive.sana.sy\/es\/index.php?rest_route=\/wp\/v2\/types\/post"}],"author":[{"embeddable":true,"href":"https:\/\/archive.sana.sy\/es\/index.php?rest_route=\/wp\/v2\/users\/24"}],"replies":[{"embeddable":true,"href":"https:\/\/archive.sana.sy\/es\/index.php?rest_route=%2Fwp%2Fv2%2Fcomments&post=338387"}],"version-history":[{"count":2,"href":"https:\/\/archive.sana.sy\/es\/index.php?rest_route=\/wp\/v2\/posts\/338387\/revisions"}],"predecessor-version":[{"id":338390,"href":"https:\/\/archive.sana.sy\/es\/index.php?rest_route=\/wp\/v2\/posts\/338387\/revisions\/338390"}],"wp:featuredmedia":[{"embeddable":true,"href":"https:\/\/archive.sana.sy\/es\/index.php?rest_route=\/wp\/v2\/media\/338388"}],"wp:attachment":[{"href":"https:\/\/archive.sana.sy\/es\/index.php?rest_route=%2Fwp%2Fv2%2Fmedia&parent=338387"}],"wp:term":[{"taxonomy":"category","embeddable":true,"href":"https:\/\/archive.sana.sy\/es\/index.php?rest_route=%2Fwp%2Fv2%2Fcategories&post=338387"},{"taxonomy":"post_tag","embeddable":true,"href":"https:\/\/archive.sana.sy\/es\/index.php?rest_route=%2Fwp%2Fv2%2Ftags&post=338387"}],"curies":[{"name":"wp","href":"https:\/\/api.w.org\/{rel}","templated":true}]}}