{"id":338392,"date":"2024-09-18T19:13:59","date_gmt":"2024-09-18T16:13:59","guid":{"rendered":"https:\/\/sana.sy\/es\/?p=338392"},"modified":"2024-09-18T19:13:59","modified_gmt":"2024-09-18T16:13:59","slug":"ministerio-de-salud-del-libano-informa-que-el-saldo-de-la-segunda-ola-de-explosiones-de-comunicadores-portatiles-se-ha-elevado-a-9-martires-y-mas-de-300-heridos","status":"publish","type":"post","link":"https:\/\/archive.sana.sy\/es\/?p=338392","title":{"rendered":"Ministerio de Salud del L\u00edbano informa que el saldo de la segunda ola de explosiones de comunicadores port\u00e1tiles se ha elevado a 9 m\u00e1rtires y m\u00e1s de 300 heridos."},"content":{"rendered":"","protected":false},"excerpt":{"rendered":"","protected":false},"author":24,"featured_media":0,"comment_status":"closed","ping_status":"closed","sticky":false,"template":"","format":"standard","meta":{"footnotes":""},"categories":[20724],"tags":[],"class_list":["post-338392","post","type-post","status-publish","format-standard","","category-minuto-a-minuto"],"_links":{"self":[{"href":"https:\/\/archive.sana.sy\/es\/index.php?rest_route=\/wp\/v2\/posts\/338392"}],"collection":[{"href":"https:\/\/archive.sana.sy\/es\/index.php?rest_route=\/wp\/v2\/posts"}],"about":[{"href":"https:\/\/archive.sana.sy\/es\/index.php?rest_route=\/wp\/v2\/types\/post"}],"author":[{"embeddable":true,"href":"https:\/\/archive.sana.sy\/es\/index.php?rest_route=\/wp\/v2\/users\/24"}],"replies":[{"embeddable":true,"href":"https:\/\/archive.sana.sy\/es\/index.php?rest_route=%2Fwp%2Fv2%2Fcomments&post=338392"}],"version-history":[{"count":1,"href":"https:\/\/archive.sana.sy\/es\/index.php?rest_route=\/wp\/v2\/posts\/338392\/revisions"}],"predecessor-version":[{"id":338393,"href":"https:\/\/archive.sana.sy\/es\/index.php?rest_route=\/wp\/v2\/posts\/338392\/revisions\/338393"}],"wp:attachment":[{"href":"https:\/\/archive.sana.sy\/es\/index.php?rest_route=%2Fwp%2Fv2%2Fmedia&parent=338392"}],"wp:term":[{"taxonomy":"category","embeddable":true,"href":"https:\/\/archive.sana.sy\/es\/index.php?rest_route=%2Fwp%2Fv2%2Fcategories&post=338392"},{"taxonomy":"post_tag","embeddable":true,"href":"https:\/\/archive.sana.sy\/es\/index.php?rest_route=%2Fwp%2Fv2%2Ftags&post=338392"}],"curies":[{"name":"wp","href":"https:\/\/api.w.org\/{rel}","templated":true}]}}