{"id":338394,"date":"2024-09-18T19:57:43","date_gmt":"2024-09-18T16:57:43","guid":{"rendered":"https:\/\/sana.sy\/es\/?p=338394"},"modified":"2024-09-19T05:48:40","modified_gmt":"2024-09-19T02:48:40","slug":"asamblea-general-de-la-onu-adopta-resolucion-que-exige-a-israel-poner-fin-a-la-ocupacion-de-los-territorios-palestinos-en-12-meses","status":"publish","type":"post","link":"https:\/\/archive.sana.sy\/es\/?p=338394","title":{"rendered":"Asamblea General de la ONU exige a &#8220;Israel&#8221; poner fin a su ocupaci\u00f3n de territorios palestinos"},"content":{"rendered":"<p style=\"text-align: justify;\"><span style=\"color: #800000;\"><strong>Nueva York, 18 sep (SANA)<\/strong><\/span> La Asamblea General de las Naciones Unidas adopt\u00f3 por abrumadora mayor\u00eda una resoluci\u00f3n que demanda a la entidad ocupante de \u201cIsrael\u201d poner fin a su ocupaci\u00f3n de las tierras palestinas ocupadas dentro de un plazo de 12 meses.<\/p>\n<p style=\"text-align: justify;\">124 pa\u00edses votaron a favor del proyecto de resoluci\u00f3n, mientras que 43 pa\u00edses se abstuvieron de votar, y 13 pa\u00edses se opusieron al mismo.<\/p>\n<p style=\"text-align: justify;\">Palestina present\u00f3 el proyecto por primera vez durante el d\u00e9cimo per\u00edodo extraordinario de sesiones de emergencia de la Asamblea General despu\u00e9s de obtener privilegios adicionales en virtud de una resoluci\u00f3n anterior de la Asamblea.<\/p>\n<p style=\"text-align: justify;\">La Resoluci\u00f3n exige a \u201cIsrael\u201d que ponga fin, sin demora, a su presencia ilegal en el territorio palestino en un plazo m\u00e1ximo de 12 meses, que se acate a todas las obligaciones impuestas por el derecho internacional, y que retire todas sus fuerzas militares del territorio palestino ocupado.<\/p>\n<p style=\"text-align: justify;\">Asimismo insta a \u201cIsrael\u201d poner coto a sus pol\u00edticas y pr\u00e1cticas ilegales, incluido el cese inmediato de las actividades de construcci\u00f3n de asentamientos, la evacuaci\u00f3n de todos los colonos establecidos en el territorio palestino ocupado, el desmantelamiento del muro del apartheid y la devoluci\u00f3n de las tierras palestinas y otras propiedades y todos los bienes que han sido saqueados desde el comienzo de su ocupaci\u00f3n en 1967.<\/p>\n<p style=\"text-align: justify;\">Tambi\u00e9n le pide permitir a todos los palestinos que fueron desplazados durante la ocupaci\u00f3n regresar a sus lugares de residencia originales, y no el pueblo palestino ejerza su derecho a establecer un Estado independiente y soberano sobre todo el territorio palestino ocupado.<\/p>\n<p style=\"text-align: justify;\">Se decidi\u00f3 celebrar una conferencia internacional durante el 79\u00ba per\u00edodo de sesiones de la Asamblea General para implementar las resoluciones de las Naciones Unidas relacionadas con Palestina, asimismo se pidi\u00f3 al Secretario General que presente a la Asamblea General un informe trimestral sobre la aplicaci\u00f3n de la resoluci\u00f3n.<\/p>\n<p style=\"text-align: justify;\">la<\/p>\n","protected":false},"excerpt":{"rendered":"<p>Nueva York, 18 sep (SANA) La Asamblea General de las Naciones Unidas adopt\u00f3 por abrumadora mayor\u00eda una resoluci\u00f3n que demanda a la entidad ocupante de \u201cIsrael\u201d poner fin a su ocupaci\u00f3n de las tierras palestinas ocupadas dentro de un plazo de 12 meses. 124 pa\u00edses votaron a favor del proyecto de resoluci\u00f3n, mientras que 43 &hellip;<\/p>\n","protected":false},"author":24,"featured_media":338395,"comment_status":"closed","ping_status":"closed","sticky":false,"template":"","format":"standard","meta":{"footnotes":""},"categories":[597,456,20724,583],"tags":[],"class_list":["post-338394","post","type-post","status-publish","format-standard","has-post-thumbnail","","category-cinta-de-noticias","category-arabe-internacional-politica","category-minuto-a-minuto","category-slide"],"_links":{"self":[{"href":"https:\/\/archive.sana.sy\/es\/index.php?rest_route=\/wp\/v2\/posts\/338394"}],"collection":[{"href":"https:\/\/archive.sana.sy\/es\/index.php?rest_route=\/wp\/v2\/posts"}],"about":[{"href":"https:\/\/archive.sana.sy\/es\/index.php?rest_route=\/wp\/v2\/types\/post"}],"author":[{"embeddable":true,"href":"https:\/\/archive.sana.sy\/es\/index.php?rest_route=\/wp\/v2\/users\/24"}],"replies":[{"embeddable":true,"href":"https:\/\/archive.sana.sy\/es\/index.php?rest_route=%2Fwp%2Fv2%2Fcomments&post=338394"}],"version-history":[{"count":4,"href":"https:\/\/archive.sana.sy\/es\/index.php?rest_route=\/wp\/v2\/posts\/338394\/revisions"}],"predecessor-version":[{"id":338410,"href":"https:\/\/archive.sana.sy\/es\/index.php?rest_route=\/wp\/v2\/posts\/338394\/revisions\/338410"}],"wp:featuredmedia":[{"embeddable":true,"href":"https:\/\/archive.sana.sy\/es\/index.php?rest_route=\/wp\/v2\/media\/338395"}],"wp:attachment":[{"href":"https:\/\/archive.sana.sy\/es\/index.php?rest_route=%2Fwp%2Fv2%2Fmedia&parent=338394"}],"wp:term":[{"taxonomy":"category","embeddable":true,"href":"https:\/\/archive.sana.sy\/es\/index.php?rest_route=%2Fwp%2Fv2%2Fcategories&post=338394"},{"taxonomy":"post_tag","embeddable":true,"href":"https:\/\/archive.sana.sy\/es\/index.php?rest_route=%2Fwp%2Fv2%2Ftags&post=338394"}],"curies":[{"name":"wp","href":"https:\/\/api.w.org\/{rel}","templated":true}]}}