{"id":338457,"date":"2024-09-19T16:54:04","date_gmt":"2024-09-19T13:54:04","guid":{"rendered":"https:\/\/sana.sy\/es\/?p=338457"},"modified":"2024-09-19T16:54:04","modified_gmt":"2024-09-19T13:54:04","slug":"cifras-finales-37-muertos-y-2-931-heridos-por-las-explosiones-de-equipos-de-comunicaciones-en-el-libano","status":"publish","type":"post","link":"https:\/\/archive.sana.sy\/es\/?p=338457","title":{"rendered":"Cifras finales: 37 muertos y 2.931 heridos por las explosiones de equipos de comunicaciones en el L\u00edbano"},"content":{"rendered":"<p style=\"text-align: justify;\"><span style=\"color: #800000;\"><strong>Beirut, 19 sep (SANA)<\/strong> <\/span>El ministro liban\u00e9s de Salud, Firas Al-Abyad, declar\u00f3 hoy que la cifra final de v\u00edctimas por las explosiones de equipos de comunicaciones durante los \u00faltimos dos d\u00edas asciende a 37 muertos y 2.931 heridos.<\/p>\n<p style=\"text-align: justify;\">Al-Abyad aclar\u00f3 en una conferencia de prensa que \u201cel n\u00famero de m\u00e1rtires de las explosiones del 17 de septiembre sigue siendo 12, mientras que el de los heridos es 2.323\u201d.<\/p>\n<p style=\"text-align: justify;\">Agreg\u00f3 que \u201cel \u00faltimo balance de v\u00edctimas por la ola de explosiones del d\u00eda 18 de septiembre fueron 25 muertos y 608 heridos\u201d.<\/p>\n<p style=\"text-align: justify;\">El Titular se\u00f1al\u00f3 que todos los actores del sector de la salud participaron durante los dos \u00faltimos d\u00edas en la prestaci\u00f3n de asistencia, como consecuencia de la explosi\u00f3n de los dispositivos de comunicaci\u00f3n en varias regiones libanesas.<\/p>\n<p style=\"text-align: justify;\">fm\/sm<\/p>\n","protected":false},"excerpt":{"rendered":"<p>Beirut, 19 sep (SANA) El ministro liban\u00e9s de Salud, Firas Al-Abyad, declar\u00f3 hoy que la cifra final de v\u00edctimas por las explosiones de equipos de comunicaciones durante los \u00faltimos dos d\u00edas asciende a 37 muertos y 2.931 heridos. Al-Abyad aclar\u00f3 en una conferencia de prensa que \u201cel n\u00famero de m\u00e1rtires de las explosiones del 17 &hellip;<\/p>\n","protected":false},"author":39,"featured_media":338458,"comment_status":"closed","ping_status":"closed","sticky":false,"template":"","format":"standard","meta":{"footnotes":""},"categories":[597,456,16687,20724,583],"tags":[],"class_list":["post-338457","post","type-post","status-publish","format-standard","has-post-thumbnail","","category-cinta-de-noticias","category-arabe-internacional-politica","category-internacionales","category-minuto-a-minuto","category-slide"],"_links":{"self":[{"href":"https:\/\/archive.sana.sy\/es\/index.php?rest_route=\/wp\/v2\/posts\/338457"}],"collection":[{"href":"https:\/\/archive.sana.sy\/es\/index.php?rest_route=\/wp\/v2\/posts"}],"about":[{"href":"https:\/\/archive.sana.sy\/es\/index.php?rest_route=\/wp\/v2\/types\/post"}],"author":[{"embeddable":true,"href":"https:\/\/archive.sana.sy\/es\/index.php?rest_route=\/wp\/v2\/users\/39"}],"replies":[{"embeddable":true,"href":"https:\/\/archive.sana.sy\/es\/index.php?rest_route=%2Fwp%2Fv2%2Fcomments&post=338457"}],"version-history":[{"count":1,"href":"https:\/\/archive.sana.sy\/es\/index.php?rest_route=\/wp\/v2\/posts\/338457\/revisions"}],"predecessor-version":[{"id":338459,"href":"https:\/\/archive.sana.sy\/es\/index.php?rest_route=\/wp\/v2\/posts\/338457\/revisions\/338459"}],"wp:featuredmedia":[{"embeddable":true,"href":"https:\/\/archive.sana.sy\/es\/index.php?rest_route=\/wp\/v2\/media\/338458"}],"wp:attachment":[{"href":"https:\/\/archive.sana.sy\/es\/index.php?rest_route=%2Fwp%2Fv2%2Fmedia&parent=338457"}],"wp:term":[{"taxonomy":"category","embeddable":true,"href":"https:\/\/archive.sana.sy\/es\/index.php?rest_route=%2Fwp%2Fv2%2Fcategories&post=338457"},{"taxonomy":"post_tag","embeddable":true,"href":"https:\/\/archive.sana.sy\/es\/index.php?rest_route=%2Fwp%2Fv2%2Ftags&post=338457"}],"curies":[{"name":"wp","href":"https:\/\/api.w.org\/{rel}","templated":true}]}}