{"id":338477,"date":"2024-09-20T09:26:41","date_gmt":"2024-09-20T06:26:41","guid":{"rendered":"https:\/\/sana.sy\/es\/?p=338477"},"modified":"2024-09-20T09:26:41","modified_gmt":"2024-09-20T06:26:41","slug":"israel-reconoce-dos-militares-abatidos-y-16-heridos-por-fuego-de-la-resistencia-libanesa","status":"publish","type":"post","link":"https:\/\/archive.sana.sy\/es\/?p=338477","title":{"rendered":"\u201cIsrael\u201d reconoce dos militares abatidos y 16 heridos por fuego de la resistencia libanesa"},"content":{"rendered":"<p style=\"text-align: justify;\"><span style=\"color: #800000;\"><strong>Jerusal\u00e9n ocupada, 20 sep (SANA)<\/strong><\/span> El \u201cej\u00e9rcito\u201d de ocupaci\u00f3n israel\u00ed reconoci\u00f3 la muerte de dos militares, incluido un oficial, y 16 heridos como resultado de los ataques de la resistencia libanesa en el norte de Palestina ocupada.<\/p>\n<p style=\"text-align: justify;\">Seg\u00fan el comunicado del \u201cej\u00e9rcito\u201d israel\u00ed, los dos militares fueron abatidos por un ataque con misiles antiblindaje que impact\u00f3 un veh\u00edculo en el asentamiento de Tel Hai, as\u00ed como el impacto de un dron suicida en el asentamiento de Yaara, en Galilea.<\/p>\n<p style=\"text-align: justify;\">Por su parte, la resistencia libanesa llev\u00f3 a cabo 17 operaciones contra bases, sitios y asentamientos israel\u00edes en el norte de Palestina ocupada, as\u00ed como en las colinas libanesas de Kafr Shuba y las Granjas de Shebaa, ambas ocupadas por \u201cIsrael\u201d.<\/p>\n<p style=\"text-align: justify;\">Entre los objetivos atacados figuraron diversas bases militares, puestos de artiller\u00eda y sedes de mando israel\u00edes, y los ataques lograron impactos precisos.<\/p>\n<p style=\"text-align: justify;\"><em><strong>ah<\/strong><\/em><\/p>\n","protected":false},"excerpt":{"rendered":"<p>Jerusal\u00e9n ocupada, 20 sep (SANA) El \u201cej\u00e9rcito\u201d de ocupaci\u00f3n israel\u00ed reconoci\u00f3 la muerte de dos militares, incluido un oficial, y 16 heridos como resultado de los ataques de la resistencia libanesa en el norte de Palestina ocupada. Seg\u00fan el comunicado del \u201cej\u00e9rcito\u201d israel\u00ed, los dos militares fueron abatidos por un ataque con misiles antiblindaje que &hellip;<\/p>\n","protected":false},"author":30,"featured_media":338479,"comment_status":"closed","ping_status":"closed","sticky":false,"template":"","format":"standard","meta":{"footnotes":""},"categories":[597,456,20724,7541],"tags":[],"class_list":["post-338477","post","type-post","status-publish","format-standard","has-post-thumbnail","","category-cinta-de-noticias","category-arabe-internacional-politica","category-minuto-a-minuto","category-ultimas-noticias"],"_links":{"self":[{"href":"https:\/\/archive.sana.sy\/es\/index.php?rest_route=\/wp\/v2\/posts\/338477"}],"collection":[{"href":"https:\/\/archive.sana.sy\/es\/index.php?rest_route=\/wp\/v2\/posts"}],"about":[{"href":"https:\/\/archive.sana.sy\/es\/index.php?rest_route=\/wp\/v2\/types\/post"}],"author":[{"embeddable":true,"href":"https:\/\/archive.sana.sy\/es\/index.php?rest_route=\/wp\/v2\/users\/30"}],"replies":[{"embeddable":true,"href":"https:\/\/archive.sana.sy\/es\/index.php?rest_route=%2Fwp%2Fv2%2Fcomments&post=338477"}],"version-history":[{"count":1,"href":"https:\/\/archive.sana.sy\/es\/index.php?rest_route=\/wp\/v2\/posts\/338477\/revisions"}],"predecessor-version":[{"id":338482,"href":"https:\/\/archive.sana.sy\/es\/index.php?rest_route=\/wp\/v2\/posts\/338477\/revisions\/338482"}],"wp:featuredmedia":[{"embeddable":true,"href":"https:\/\/archive.sana.sy\/es\/index.php?rest_route=\/wp\/v2\/media\/338479"}],"wp:attachment":[{"href":"https:\/\/archive.sana.sy\/es\/index.php?rest_route=%2Fwp%2Fv2%2Fmedia&parent=338477"}],"wp:term":[{"taxonomy":"category","embeddable":true,"href":"https:\/\/archive.sana.sy\/es\/index.php?rest_route=%2Fwp%2Fv2%2Fcategories&post=338477"},{"taxonomy":"post_tag","embeddable":true,"href":"https:\/\/archive.sana.sy\/es\/index.php?rest_route=%2Fwp%2Fv2%2Ftags&post=338477"}],"curies":[{"name":"wp","href":"https:\/\/api.w.org\/{rel}","templated":true}]}}