{"id":338478,"date":"2024-09-20T09:26:37","date_gmt":"2024-09-20T06:26:37","guid":{"rendered":"https:\/\/sana.sy\/es\/?p=338478"},"modified":"2024-09-20T09:26:37","modified_gmt":"2024-09-20T06:26:37","slug":"ejercito-argelino-elimina-a-dos-terroristas-en-el-este-del-pais","status":"publish","type":"post","link":"https:\/\/archive.sana.sy\/es\/?p=338478","title":{"rendered":"Ej\u00e9rcito argelino elimina a dos terroristas en el este del pa\u00eds"},"content":{"rendered":"<p style=\"text-align: justify;\"><span style=\"color: #800000;\"><strong>Argelia, 20 sep (SANA)<\/strong><\/span> El Ministerio de Defensa de Argelia inform\u00f3 sobre la neutralizaci\u00f3n de dos terroristas en la provincia de Tebessa, al este del pa\u00eds.<\/p>\n<p style=\"text-align: justify;\">Seg\u00fan un comunicado oficial recogido por la agencia de noticias argelina, una unidad del Ej\u00e9rcito Nacional Popular logr\u00f3 eliminar a dos individuos y confiscar una cantidad de armas y municiones en una operaci\u00f3n en el sector militar de Tebessa, correspondiente a la quinta regi\u00f3n militar del pa\u00eds.<\/p>\n<p style=\"text-align: justify;\">El Ministerio de Defensa destac\u00f3 la continua vigilancia y determinaci\u00f3n de las fuerzas armadas en su lucha contra el terrorismo a lo largo de todo el territorio nacional.<\/p>\n<p style=\"text-align: justify;\">Cabe mencionar que, el pasado 12 de este mes, el ministerio de Defensa de Argelia ya hab\u00eda informado sobre la captura de cuatro terroristas en la provincia de Tamanrasset, en el sur del pa\u00eds.<\/p>\n<p><em><strong>ah<\/strong><\/em><\/p>\n","protected":false},"excerpt":{"rendered":"<p>Argelia, 20 sep (SANA) El Ministerio de Defensa de Argelia inform\u00f3 sobre la neutralizaci\u00f3n de dos terroristas en la provincia de Tebessa, al este del pa\u00eds. Seg\u00fan un comunicado oficial recogido por la agencia de noticias argelina, una unidad del Ej\u00e9rcito Nacional Popular logr\u00f3 eliminar a dos individuos y confiscar una cantidad de armas y &hellip;<\/p>\n","protected":false},"author":30,"featured_media":338480,"comment_status":"closed","ping_status":"closed","sticky":false,"template":"","format":"standard","meta":{"footnotes":""},"categories":[597,456,20724,7541],"tags":[],"class_list":["post-338478","post","type-post","status-publish","format-standard","has-post-thumbnail","","category-cinta-de-noticias","category-arabe-internacional-politica","category-minuto-a-minuto","category-ultimas-noticias"],"_links":{"self":[{"href":"https:\/\/archive.sana.sy\/es\/index.php?rest_route=\/wp\/v2\/posts\/338478"}],"collection":[{"href":"https:\/\/archive.sana.sy\/es\/index.php?rest_route=\/wp\/v2\/posts"}],"about":[{"href":"https:\/\/archive.sana.sy\/es\/index.php?rest_route=\/wp\/v2\/types\/post"}],"author":[{"embeddable":true,"href":"https:\/\/archive.sana.sy\/es\/index.php?rest_route=\/wp\/v2\/users\/30"}],"replies":[{"embeddable":true,"href":"https:\/\/archive.sana.sy\/es\/index.php?rest_route=%2Fwp%2Fv2%2Fcomments&post=338478"}],"version-history":[{"count":1,"href":"https:\/\/archive.sana.sy\/es\/index.php?rest_route=\/wp\/v2\/posts\/338478\/revisions"}],"predecessor-version":[{"id":338481,"href":"https:\/\/archive.sana.sy\/es\/index.php?rest_route=\/wp\/v2\/posts\/338478\/revisions\/338481"}],"wp:featuredmedia":[{"embeddable":true,"href":"https:\/\/archive.sana.sy\/es\/index.php?rest_route=\/wp\/v2\/media\/338480"}],"wp:attachment":[{"href":"https:\/\/archive.sana.sy\/es\/index.php?rest_route=%2Fwp%2Fv2%2Fmedia&parent=338478"}],"wp:term":[{"taxonomy":"category","embeddable":true,"href":"https:\/\/archive.sana.sy\/es\/index.php?rest_route=%2Fwp%2Fv2%2Fcategories&post=338478"},{"taxonomy":"post_tag","embeddable":true,"href":"https:\/\/archive.sana.sy\/es\/index.php?rest_route=%2Fwp%2Fv2%2Ftags&post=338478"}],"curies":[{"name":"wp","href":"https:\/\/api.w.org\/{rel}","templated":true}]}}