{"id":338492,"date":"2024-09-20T12:25:00","date_gmt":"2024-09-20T09:25:00","guid":{"rendered":"https:\/\/sana.sy\/es\/?p=338492"},"modified":"2024-09-20T12:25:00","modified_gmt":"2024-09-20T09:25:00","slug":"fuerzas-iranies-desmantelan-celula-terrorista-en-el-oeste-del-pais","status":"publish","type":"post","link":"https:\/\/archive.sana.sy\/es\/?p=338492","title":{"rendered":"Fuerzas iran\u00edes desmantelan c\u00e9lula terrorista en el oeste del pa\u00eds"},"content":{"rendered":"<p style=\"text-align: justify;\"><span style=\"color: #800000;\"><strong>Teher\u00e1n, 20 sep (SANA)<\/strong> <\/span>Las fuerzas terrestres del Cuerpo de la Guardia Revolucionaria de Ir\u00e1n anunciaron la eliminaci\u00f3n de una c\u00e9lula terrorista que intentaba infiltrarse en territorio iran\u00ed desde la frontera occidental en la regi\u00f3n de Mariwan, en la provincia de Kurdist\u00e1n.<\/p>\n<p style=\"text-align: justify;\">Seg\u00fan la agencia de noticias IRNA, el operativo fue resultado de la vigilancia y labores de inteligencia llevadas a cabo por las fuerzas de seguridad en la regi\u00f3n.<\/p>\n<p style=\"text-align: justify;\">La c\u00e9lula terrorista, que ten\u00eda planes de ingresar a Ir\u00e1n, fue interceptada en una emboscada y sus miembros fueron abatidos, adem\u00e1s de confiscarse su equipo castrense.<\/p>\n<p style=\"text-align: justify;\">En un comunicado, las autoridades iran\u00edes advirtieron que la destrucci\u00f3n de grupos terroristas y agentes vinculados a potencias extranjeras seguir\u00e1 siendo una prioridad de seguridad nacional.<\/p>\n<p style=\"text-align: justify;\"><em><strong>ah<\/strong><\/em><\/p>\n","protected":false},"excerpt":{"rendered":"<p>Teher\u00e1n, 20 sep (SANA) Las fuerzas terrestres del Cuerpo de la Guardia Revolucionaria de Ir\u00e1n anunciaron la eliminaci\u00f3n de una c\u00e9lula terrorista que intentaba infiltrarse en territorio iran\u00ed desde la frontera occidental en la regi\u00f3n de Mariwan, en la provincia de Kurdist\u00e1n. Seg\u00fan la agencia de noticias IRNA, el operativo fue resultado de la vigilancia &hellip;<\/p>\n","protected":false},"author":30,"featured_media":338493,"comment_status":"closed","ping_status":"closed","sticky":false,"template":"","format":"standard","meta":{"footnotes":""},"categories":[597,456,20724,7541],"tags":[],"class_list":["post-338492","post","type-post","status-publish","format-standard","has-post-thumbnail","","category-cinta-de-noticias","category-arabe-internacional-politica","category-minuto-a-minuto","category-ultimas-noticias"],"_links":{"self":[{"href":"https:\/\/archive.sana.sy\/es\/index.php?rest_route=\/wp\/v2\/posts\/338492"}],"collection":[{"href":"https:\/\/archive.sana.sy\/es\/index.php?rest_route=\/wp\/v2\/posts"}],"about":[{"href":"https:\/\/archive.sana.sy\/es\/index.php?rest_route=\/wp\/v2\/types\/post"}],"author":[{"embeddable":true,"href":"https:\/\/archive.sana.sy\/es\/index.php?rest_route=\/wp\/v2\/users\/30"}],"replies":[{"embeddable":true,"href":"https:\/\/archive.sana.sy\/es\/index.php?rest_route=%2Fwp%2Fv2%2Fcomments&post=338492"}],"version-history":[{"count":1,"href":"https:\/\/archive.sana.sy\/es\/index.php?rest_route=\/wp\/v2\/posts\/338492\/revisions"}],"predecessor-version":[{"id":338494,"href":"https:\/\/archive.sana.sy\/es\/index.php?rest_route=\/wp\/v2\/posts\/338492\/revisions\/338494"}],"wp:featuredmedia":[{"embeddable":true,"href":"https:\/\/archive.sana.sy\/es\/index.php?rest_route=\/wp\/v2\/media\/338493"}],"wp:attachment":[{"href":"https:\/\/archive.sana.sy\/es\/index.php?rest_route=%2Fwp%2Fv2%2Fmedia&parent=338492"}],"wp:term":[{"taxonomy":"category","embeddable":true,"href":"https:\/\/archive.sana.sy\/es\/index.php?rest_route=%2Fwp%2Fv2%2Fcategories&post=338492"},{"taxonomy":"post_tag","embeddable":true,"href":"https:\/\/archive.sana.sy\/es\/index.php?rest_route=%2Fwp%2Fv2%2Ftags&post=338492"}],"curies":[{"name":"wp","href":"https:\/\/api.w.org\/{rel}","templated":true}]}}