{"id":338495,"date":"2024-09-20T14:21:59","date_gmt":"2024-09-20T11:21:59","guid":{"rendered":"https:\/\/sana.sy\/es\/?p=338495"},"modified":"2024-09-20T20:00:48","modified_gmt":"2024-09-20T17:00:48","slug":"tropas-del-ocupante-israeli-asesinan-e-hieren-a-decenas-de-palestinos-en-gaza","status":"publish","type":"post","link":"https:\/\/archive.sana.sy\/es\/?p=338495","title":{"rendered":"Tropas del ocupante israel\u00ed asesinan e hieren a decenas de palestinos en Gaza"},"content":{"rendered":"<p style=\"text-align: justify;\"><span style=\"color: #800000;\"><strong>Jerusal\u00e9n ocupada, 20 sep (SANA) <\/strong><\/span>Diez palestinos fueron asesinados y otros resultaron heridos hoy, como consecuencia de los bombardeos de la ocupaci\u00f3n israel\u00ed en diversas zonas de la Franja de Gaza.<\/p>\n<p style=\"text-align: justify;\">La Agencia Palestina Wafa inform\u00f3 que ocho palestinos perdieron la vida y otros resultaron heridos debido a ataque a\u00e9reo israel\u00ed contra una casa en la localidad de Tal Al-Nuwairi, al oeste del campamento de Nuseirat en el centro de la Franja de Gaza.<\/p>\n<p style=\"text-align: justify;\">Adem\u00e1s, un palestino fue asesinado en un bombardeo del ocupante sionista contra una casa en Beit Hanoun, al norte de la Franja de Gaza, mientras otro joven perdi\u00f3 la vida y otros resultaron heridos como resultado de uno bombardeos por parte de las tropas del ocupante contra un grupo de palestinos en la calle Al-Shaaf, al este de la ciudad de Gaza.<\/p>\n<p style=\"text-align: justify;\">El Ministerio de Salud palestino hab\u00eda anunciado que el n\u00famero de v\u00edctimas de la agresi\u00f3n del ocupante israel\u00ed contra la Franja de Gaza hab\u00eda aumentado a 41.272 muertos y 95.551 heridos, mientras que varias v\u00edctimas a\u00fan se encuentran bajo los escombros y en las carreteras, y las ambulancias y los equipos de rescate no pueden alcanzarlos.<\/p>\n<p style=\"text-align: justify;\">sm<\/p>\n","protected":false},"excerpt":{"rendered":"<p>Jerusal\u00e9n ocupada, 20 sep (SANA) Diez palestinos fueron asesinados y otros resultaron heridos hoy, como consecuencia de los bombardeos de la ocupaci\u00f3n israel\u00ed en diversas zonas de la Franja de Gaza. La Agencia Palestina Wafa inform\u00f3 que ocho palestinos perdieron la vida y otros resultaron heridos debido a ataque a\u00e9reo israel\u00ed contra una casa en &hellip;<\/p>\n","protected":false},"author":39,"featured_media":338496,"comment_status":"closed","ping_status":"closed","sticky":false,"template":"","format":"standard","meta":{"footnotes":""},"categories":[597,456,16687,20724],"tags":[],"class_list":["post-338495","post","type-post","status-publish","format-standard","has-post-thumbnail","","category-cinta-de-noticias","category-arabe-internacional-politica","category-internacionales","category-minuto-a-minuto"],"_links":{"self":[{"href":"https:\/\/archive.sana.sy\/es\/index.php?rest_route=\/wp\/v2\/posts\/338495"}],"collection":[{"href":"https:\/\/archive.sana.sy\/es\/index.php?rest_route=\/wp\/v2\/posts"}],"about":[{"href":"https:\/\/archive.sana.sy\/es\/index.php?rest_route=\/wp\/v2\/types\/post"}],"author":[{"embeddable":true,"href":"https:\/\/archive.sana.sy\/es\/index.php?rest_route=\/wp\/v2\/users\/39"}],"replies":[{"embeddable":true,"href":"https:\/\/archive.sana.sy\/es\/index.php?rest_route=%2Fwp%2Fv2%2Fcomments&post=338495"}],"version-history":[{"count":3,"href":"https:\/\/archive.sana.sy\/es\/index.php?rest_route=\/wp\/v2\/posts\/338495\/revisions"}],"predecessor-version":[{"id":338499,"href":"https:\/\/archive.sana.sy\/es\/index.php?rest_route=\/wp\/v2\/posts\/338495\/revisions\/338499"}],"wp:featuredmedia":[{"embeddable":true,"href":"https:\/\/archive.sana.sy\/es\/index.php?rest_route=\/wp\/v2\/media\/338496"}],"wp:attachment":[{"href":"https:\/\/archive.sana.sy\/es\/index.php?rest_route=%2Fwp%2Fv2%2Fmedia&parent=338495"}],"wp:term":[{"taxonomy":"category","embeddable":true,"href":"https:\/\/archive.sana.sy\/es\/index.php?rest_route=%2Fwp%2Fv2%2Fcategories&post=338495"},{"taxonomy":"post_tag","embeddable":true,"href":"https:\/\/archive.sana.sy\/es\/index.php?rest_route=%2Fwp%2Fv2%2Ftags&post=338495"}],"curies":[{"name":"wp","href":"https:\/\/api.w.org\/{rel}","templated":true}]}}