{"id":338500,"date":"2024-09-20T14:35:23","date_gmt":"2024-09-20T11:35:23","guid":{"rendered":"https:\/\/sana.sy\/es\/?p=338500"},"modified":"2024-09-20T14:40:37","modified_gmt":"2024-09-20T11:40:37","slug":"cifras-horrosas-sobre-los-ninos-palestinos-victimas-de-israel-en-gaza","status":"publish","type":"post","link":"https:\/\/archive.sana.sy\/es\/?p=338500","title":{"rendered":"Cifras horrorosas sobre los ni\u00f1os palestinos v\u00edctimas de Israel en Gaza"},"content":{"rendered":"<p style=\"text-align: justify;\"><span style=\"color: #800000;\"><strong>Damasco, 20 sep (SANA)<\/strong><\/span> El ej\u00e9rcito de ocupaci\u00f3n israel\u00ed mat\u00f3 a m\u00e1s ni\u00f1os que hombres y mujeres en la Franja de Gaza, desde el inicio de la guerra el 7 de octubre de 2023.<\/p>\n<p style=\"text-align: justify;\">Un informe de Naciones Unidas emitido por el Comit\u00e9 sobre los Derechos del Ni\u00f1o, integrado por 18 expertos independientes en derechos humanos, conden\u00f3 los ataques israel\u00edes contra objetivos civiles en la Franja, y que dejaron m\u00e1s 16 mil 700 menores fallecidos y al menos seis mil 100 heridos.<\/p>\n<p style=\"text-align: justify;\">La jefa del referido Comit\u00e9, Ann Skelton, calific\u00f3 de inaceptables los \u00edndices de violaciones del derecho humanitario internacional y lo establecido internacionalmente para la protecci\u00f3n de derechos humanos.<\/p>\n<p style=\"text-align: justify;\">De acuerdo con el reporte, como resultado de los ataques indiscriminados y desproporcionados, al menos un mill\u00f3n de ni\u00f1os fueron desplazados, 21 mil est\u00e1n desaparecidos, 20 mil perdieron a uno o ambos progenitores y cerca de 17 mil se encuentran solos o separados de sus familias.<\/p>\n<p style=\"text-align: justify;\">El reporte denuncia la utilizaci\u00f3n de armas explosivas con efectos de gran alcance en zonas densamente pobladas, y su denegaci\u00f3n de acceso humanitario, lo que ha provocado decenas de muertos infantiles por desnutrici\u00f3n y tres mil 500 menores en riesgo de muerte por la falta de alimentos.<\/p>\n<p style=\"text-align: justify;\">\u201cNo creo que hayamos visto antes una violaci\u00f3n tan masiva como la que hemos visto en Gaza\u201d, precis\u00f3 en declaraciones a la prensa Bragi Gudbrandsson, vicepresidente del Comit\u00e9.<\/p>\n<p style=\"text-align: justify;\">Gudbrandsson denunci\u00f3 tres violaciones de las seis m\u00e1s graves que no queda duda de que Israel comete: matar y mutilar a ni\u00f1os, atacar hospitales y escuelas y denegar el acceso humanitario.<\/p>\n<p style=\"text-align: justify;\">fm\/sm<\/p>\n","protected":false},"excerpt":{"rendered":"<p>Damasco, 20 sep (SANA) El ej\u00e9rcito de ocupaci\u00f3n israel\u00ed mat\u00f3 a m\u00e1s ni\u00f1os que hombres y mujeres en la Franja de Gaza, desde el inicio de la guerra el 7 de octubre de 2023. Un informe de Naciones Unidas emitido por el Comit\u00e9 sobre los Derechos del Ni\u00f1o, integrado por 18 expertos independientes en derechos &hellip;<\/p>\n","protected":false},"author":39,"featured_media":338503,"comment_status":"closed","ping_status":"closed","sticky":false,"template":"","format":"standard","meta":{"footnotes":""},"categories":[597,456,16687,20724,583],"tags":[],"class_list":["post-338500","post","type-post","status-publish","format-standard","has-post-thumbnail","","category-cinta-de-noticias","category-arabe-internacional-politica","category-internacionales","category-minuto-a-minuto","category-slide"],"_links":{"self":[{"href":"https:\/\/archive.sana.sy\/es\/index.php?rest_route=\/wp\/v2\/posts\/338500"}],"collection":[{"href":"https:\/\/archive.sana.sy\/es\/index.php?rest_route=\/wp\/v2\/posts"}],"about":[{"href":"https:\/\/archive.sana.sy\/es\/index.php?rest_route=\/wp\/v2\/types\/post"}],"author":[{"embeddable":true,"href":"https:\/\/archive.sana.sy\/es\/index.php?rest_route=\/wp\/v2\/users\/39"}],"replies":[{"embeddable":true,"href":"https:\/\/archive.sana.sy\/es\/index.php?rest_route=%2Fwp%2Fv2%2Fcomments&post=338500"}],"version-history":[{"count":3,"href":"https:\/\/archive.sana.sy\/es\/index.php?rest_route=\/wp\/v2\/posts\/338500\/revisions"}],"predecessor-version":[{"id":338505,"href":"https:\/\/archive.sana.sy\/es\/index.php?rest_route=\/wp\/v2\/posts\/338500\/revisions\/338505"}],"wp:featuredmedia":[{"embeddable":true,"href":"https:\/\/archive.sana.sy\/es\/index.php?rest_route=\/wp\/v2\/media\/338503"}],"wp:attachment":[{"href":"https:\/\/archive.sana.sy\/es\/index.php?rest_route=%2Fwp%2Fv2%2Fmedia&parent=338500"}],"wp:term":[{"taxonomy":"category","embeddable":true,"href":"https:\/\/archive.sana.sy\/es\/index.php?rest_route=%2Fwp%2Fv2%2Fcategories&post=338500"},{"taxonomy":"post_tag","embeddable":true,"href":"https:\/\/archive.sana.sy\/es\/index.php?rest_route=%2Fwp%2Fv2%2Ftags&post=338500"}],"curies":[{"name":"wp","href":"https:\/\/api.w.org\/{rel}","templated":true}]}}