{"id":338506,"date":"2024-09-20T15:02:57","date_gmt":"2024-09-20T12:02:57","guid":{"rendered":"https:\/\/sana.sy\/es\/?p=338506"},"modified":"2024-09-20T15:02:57","modified_gmt":"2024-09-20T12:02:57","slug":"israel-continua-sus-bombardeos-contra-el-sur-del-libano","status":"publish","type":"post","link":"https:\/\/archive.sana.sy\/es\/?p=338506","title":{"rendered":"\u201cIsrael\u201d contin\u00faa sus bombardeos contra el sur del L\u00edbano"},"content":{"rendered":"<p style=\"text-align: justify;\"><span style=\"color: #800000;\"><strong>Beirut, 20 sep (SANA)\u00a0<\/strong> <\/span>El enemigo israel\u00ed perpetr\u00f3 hoy unos ataques a\u00e9reos contra varias localidades del sur del L\u00edbano.<\/p>\n<p style=\"text-align: justify;\">La Agencia Nacional Libanesa inform\u00f3 que aviones enemigos bombardearon las localidades de Mays al-Jabal y Kafr Kila y el Marj norte\u00f1o en la ciudad de Mays al-Jabal, as\u00ed como las afueras de al-Adaysah, el poblado de Taybeh y las ciudades de Aitaroun y Yaroun en el distrito de Bint Jbeil.<\/p>\n<p style=\"text-align: justify;\">Asimismo, los cielos de las aldeas de los sectores occidental y central fueron testigos de intensos vuelos de aviones de reconocimiento y drones hostiles.<\/p>\n<p style=\"text-align: justify;\">De la manera, la ciudad de Aita al-Shaab fue objeto de bombardeos intermitentes de artiller\u00eda israel\u00ed, coincidiendo con una operaci\u00f3n de barrid con disparos de ametralladoras pesadas por parte del ocupante sionista desde sus posiciones en Galilea occidental hasta las afueras de la ciudad de Alma al-Shaab, en medio de intensos vuelos de reconocimiento y drones en el espacio a\u00e9reo del sur, especialmente sobre la costa que se extiende desde la localidad de Al-Mansouri hasta las costas de Tiro en el sur y el norte.<\/p>\n<p style=\"text-align: justify;\">sm<\/p>\n","protected":false},"excerpt":{"rendered":"<p>Beirut, 20 sep (SANA)\u00a0 El enemigo israel\u00ed perpetr\u00f3 hoy unos ataques a\u00e9reos contra varias localidades del sur del L\u00edbano. La Agencia Nacional Libanesa inform\u00f3 que aviones enemigos bombardearon las localidades de Mays al-Jabal y Kafr Kila y el Marj norte\u00f1o en la ciudad de Mays al-Jabal, as\u00ed como las afueras de al-Adaysah, el poblado de &hellip;<\/p>\n","protected":false},"author":39,"featured_media":338507,"comment_status":"closed","ping_status":"closed","sticky":false,"template":"","format":"standard","meta":{"footnotes":""},"categories":[597,456,16687,20724,7541],"tags":[],"class_list":["post-338506","post","type-post","status-publish","format-standard","has-post-thumbnail","","category-cinta-de-noticias","category-arabe-internacional-politica","category-internacionales","category-minuto-a-minuto","category-ultimas-noticias"],"_links":{"self":[{"href":"https:\/\/archive.sana.sy\/es\/index.php?rest_route=\/wp\/v2\/posts\/338506"}],"collection":[{"href":"https:\/\/archive.sana.sy\/es\/index.php?rest_route=\/wp\/v2\/posts"}],"about":[{"href":"https:\/\/archive.sana.sy\/es\/index.php?rest_route=\/wp\/v2\/types\/post"}],"author":[{"embeddable":true,"href":"https:\/\/archive.sana.sy\/es\/index.php?rest_route=\/wp\/v2\/users\/39"}],"replies":[{"embeddable":true,"href":"https:\/\/archive.sana.sy\/es\/index.php?rest_route=%2Fwp%2Fv2%2Fcomments&post=338506"}],"version-history":[{"count":1,"href":"https:\/\/archive.sana.sy\/es\/index.php?rest_route=\/wp\/v2\/posts\/338506\/revisions"}],"predecessor-version":[{"id":338508,"href":"https:\/\/archive.sana.sy\/es\/index.php?rest_route=\/wp\/v2\/posts\/338506\/revisions\/338508"}],"wp:featuredmedia":[{"embeddable":true,"href":"https:\/\/archive.sana.sy\/es\/index.php?rest_route=\/wp\/v2\/media\/338507"}],"wp:attachment":[{"href":"https:\/\/archive.sana.sy\/es\/index.php?rest_route=%2Fwp%2Fv2%2Fmedia&parent=338506"}],"wp:term":[{"taxonomy":"category","embeddable":true,"href":"https:\/\/archive.sana.sy\/es\/index.php?rest_route=%2Fwp%2Fv2%2Fcategories&post=338506"},{"taxonomy":"post_tag","embeddable":true,"href":"https:\/\/archive.sana.sy\/es\/index.php?rest_route=%2Fwp%2Fv2%2Ftags&post=338506"}],"curies":[{"name":"wp","href":"https:\/\/api.w.org\/{rel}","templated":true}]}}