{"id":338509,"date":"2024-09-20T15:14:52","date_gmt":"2024-09-20T12:14:52","guid":{"rendered":"https:\/\/sana.sy\/es\/?p=338509"},"modified":"2024-09-20T15:14:52","modified_gmt":"2024-09-20T12:14:52","slug":"siete-muertos-palestinos-tras-asalto-israeli-en-qabatiya-cisjordana","status":"publish","type":"post","link":"https:\/\/archive.sana.sy\/es\/?p=338509","title":{"rendered":"Siete muertos palestinos tras asalto israel\u00ed en Qabatiya\/Cisjordana"},"content":{"rendered":"<p style=\"text-align: justify;\"><span style=\"color: #800000;\"><strong>Jerusal\u00e9n ocupada, 20 sep (SANA)<\/strong><\/span> El ej\u00e9rcito de ocupaci\u00f3n israel\u00ed mat\u00f3 hoy a siete palestinos e hiri\u00f3 a otros 11 durante su asalto a la localidad de Qabatiya, en el norte de la ocupada Cisjordania.<\/p>\n<p style=\"text-align: justify;\">La Sociedad de la Media Luna Roja Palestina report\u00f3 que fue recuperado un cad\u00e1ver de un joven en el interior de una vivienda, que fue rodeada y asesinado por las fuerzas sionistas.<\/p>\n<p style=\"text-align: justify;\">La v\u00edspera, tres palestinos perdieron la vida tras un bombardeo de un dron israel\u00ed cerca del centro de la ciudad y otros tres por disparos de los militares durante su incursi\u00f3n contra otra casa.<\/p>\n<p style=\"text-align: justify;\">V\u00eddeos difundidos en las redes sociales mostraron escenas de soldados cuando arrojaban los cuerpos de los j\u00f3venes desde el techo de la vivienda en la que estaban sitiados.<\/p>\n<p style=\"text-align: justify;\">M\u00e1s de 660 palestinos perdieron la vida en Cisjordania por ataques del Ej\u00e9rcito o de los colonos israel\u00edes desde octubre de 2023, de acuerdo con datos oficiales.<\/p>\n<p style=\"text-align: justify;\">fm\/sm<\/p>\n","protected":false},"excerpt":{"rendered":"<p>Jerusal\u00e9n ocupada, 20 sep (SANA) El ej\u00e9rcito de ocupaci\u00f3n israel\u00ed mat\u00f3 hoy a siete palestinos e hiri\u00f3 a otros 11 durante su asalto a la localidad de Qabatiya, en el norte de la ocupada Cisjordania. La Sociedad de la Media Luna Roja Palestina report\u00f3 que fue recuperado un cad\u00e1ver de un joven en el interior &hellip;<\/p>\n","protected":false},"author":39,"featured_media":338510,"comment_status":"closed","ping_status":"closed","sticky":false,"template":"","format":"standard","meta":{"footnotes":""},"categories":[597,456,16687,20724,7541],"tags":[],"class_list":["post-338509","post","type-post","status-publish","format-standard","has-post-thumbnail","","category-cinta-de-noticias","category-arabe-internacional-politica","category-internacionales","category-minuto-a-minuto","category-ultimas-noticias"],"_links":{"self":[{"href":"https:\/\/archive.sana.sy\/es\/index.php?rest_route=\/wp\/v2\/posts\/338509"}],"collection":[{"href":"https:\/\/archive.sana.sy\/es\/index.php?rest_route=\/wp\/v2\/posts"}],"about":[{"href":"https:\/\/archive.sana.sy\/es\/index.php?rest_route=\/wp\/v2\/types\/post"}],"author":[{"embeddable":true,"href":"https:\/\/archive.sana.sy\/es\/index.php?rest_route=\/wp\/v2\/users\/39"}],"replies":[{"embeddable":true,"href":"https:\/\/archive.sana.sy\/es\/index.php?rest_route=%2Fwp%2Fv2%2Fcomments&post=338509"}],"version-history":[{"count":1,"href":"https:\/\/archive.sana.sy\/es\/index.php?rest_route=\/wp\/v2\/posts\/338509\/revisions"}],"predecessor-version":[{"id":338511,"href":"https:\/\/archive.sana.sy\/es\/index.php?rest_route=\/wp\/v2\/posts\/338509\/revisions\/338511"}],"wp:featuredmedia":[{"embeddable":true,"href":"https:\/\/archive.sana.sy\/es\/index.php?rest_route=\/wp\/v2\/media\/338510"}],"wp:attachment":[{"href":"https:\/\/archive.sana.sy\/es\/index.php?rest_route=%2Fwp%2Fv2%2Fmedia&parent=338509"}],"wp:term":[{"taxonomy":"category","embeddable":true,"href":"https:\/\/archive.sana.sy\/es\/index.php?rest_route=%2Fwp%2Fv2%2Fcategories&post=338509"},{"taxonomy":"post_tag","embeddable":true,"href":"https:\/\/archive.sana.sy\/es\/index.php?rest_route=%2Fwp%2Fv2%2Ftags&post=338509"}],"curies":[{"name":"wp","href":"https:\/\/api.w.org\/{rel}","templated":true}]}}