{"id":338520,"date":"2024-09-20T15:53:41","date_gmt":"2024-09-20T12:53:41","guid":{"rendered":"https:\/\/sana.sy\/es\/?p=338520"},"modified":"2024-09-20T15:53:41","modified_gmt":"2024-09-20T12:53:41","slug":"entregan-10-000-mochilas-con-articulos-escolares-a-hijos-de-los-heridos-por-la-guerra","status":"publish","type":"post","link":"https:\/\/archive.sana.sy\/es\/?p=338520","title":{"rendered":"Entregan 10.000 mochilas con art\u00edculos escolares a hijos de los heridos por la guerra"},"content":{"rendered":"<p style=\"text-align: justify;\"><span style=\"color: #800000;\"><strong>Damasco, 20 sep (SANA)<\/strong> <\/span>La fundaci\u00f3n \u201cHerido de la Patria\u201d anunci\u00f3 hoy la entrega de mochilas y materiales escolares a m\u00e1s de 10.000 estudiantes, hijos de militares heridos durante la guerra.<\/p>\n<p style=\"text-align: justify;\">La entidad explic\u00f3 que la distribuci\u00f3n es una continuaci\u00f3n de las iniciativas lanzadas desde hace varios a\u00f1os para ayudar a las familias de los heridos y ayudarles en medio de las dif\u00edciles condiciones de vida que atraviesan.<\/p>\n<p style=\"text-align: justify;\">Esta iniciativa se lleva a cabo gracias a la cooperaci\u00f3n con actores de la sociedad civil y es una muestra de gratitud a los heridos y sus familias, y tiene como objetivo apoyarlos a educar a sus hijos sin obst\u00e1culos econ\u00f3micos.<\/p>\n<p style=\"text-align: justify;\">fm\/sm<\/p>\n","protected":false},"excerpt":{"rendered":"<p>Damasco, 20 sep (SANA) La fundaci\u00f3n \u201cHerido de la Patria\u201d anunci\u00f3 hoy la entrega de mochilas y materiales escolares a m\u00e1s de 10.000 estudiantes, hijos de militares heridos durante la guerra. La entidad explic\u00f3 que la distribuci\u00f3n es una continuaci\u00f3n de las iniciativas lanzadas desde hace varios a\u00f1os para ayudar a las familias de los &hellip;<\/p>\n","protected":false},"author":39,"featured_media":338521,"comment_status":"closed","ping_status":"closed","sticky":false,"template":"","format":"standard","meta":{"footnotes":""},"categories":[597,20724,476,7541],"tags":[],"class_list":["post-338520","post","type-post","status-publish","format-standard","has-post-thumbnail","","category-cinta-de-noticias","category-minuto-a-minuto","category-locales","category-ultimas-noticias"],"_links":{"self":[{"href":"https:\/\/archive.sana.sy\/es\/index.php?rest_route=\/wp\/v2\/posts\/338520"}],"collection":[{"href":"https:\/\/archive.sana.sy\/es\/index.php?rest_route=\/wp\/v2\/posts"}],"about":[{"href":"https:\/\/archive.sana.sy\/es\/index.php?rest_route=\/wp\/v2\/types\/post"}],"author":[{"embeddable":true,"href":"https:\/\/archive.sana.sy\/es\/index.php?rest_route=\/wp\/v2\/users\/39"}],"replies":[{"embeddable":true,"href":"https:\/\/archive.sana.sy\/es\/index.php?rest_route=%2Fwp%2Fv2%2Fcomments&post=338520"}],"version-history":[{"count":1,"href":"https:\/\/archive.sana.sy\/es\/index.php?rest_route=\/wp\/v2\/posts\/338520\/revisions"}],"predecessor-version":[{"id":338522,"href":"https:\/\/archive.sana.sy\/es\/index.php?rest_route=\/wp\/v2\/posts\/338520\/revisions\/338522"}],"wp:featuredmedia":[{"embeddable":true,"href":"https:\/\/archive.sana.sy\/es\/index.php?rest_route=\/wp\/v2\/media\/338521"}],"wp:attachment":[{"href":"https:\/\/archive.sana.sy\/es\/index.php?rest_route=%2Fwp%2Fv2%2Fmedia&parent=338520"}],"wp:term":[{"taxonomy":"category","embeddable":true,"href":"https:\/\/archive.sana.sy\/es\/index.php?rest_route=%2Fwp%2Fv2%2Fcategories&post=338520"},{"taxonomy":"post_tag","embeddable":true,"href":"https:\/\/archive.sana.sy\/es\/index.php?rest_route=%2Fwp%2Fv2%2Ftags&post=338520"}],"curies":[{"name":"wp","href":"https:\/\/api.w.org\/{rel}","templated":true}]}}