{"id":338528,"date":"2024-09-20T16:31:59","date_gmt":"2024-09-20T13:31:59","guid":{"rendered":"https:\/\/sana.sy\/es\/?p=338528"},"modified":"2024-09-20T17:52:59","modified_gmt":"2024-09-20T14:52:59","slug":"israel-bombardea-beirut-la-capital-libanesa-fotos","status":"publish","type":"post","link":"https:\/\/archive.sana.sy\/es\/?p=338528","title":{"rendered":"Israel bombardea Beirut, la capital libanesa (+ fotos)"},"content":{"rendered":"<p style=\"text-align: justify;\"><span style=\"color: #800000;\"><strong>Beirut, 20 sep (SANA)<\/strong><\/span> El ej\u00e9rcito de ocupaci\u00f3n israel\u00ed perpetr\u00f3 hoy una agresi\u00f3n a\u00e9rea contra Beirut, la capital libanesa.<\/p>\n<p style=\"text-align: justify;\">El ataque, supuestamente lanzado mediante un dron, dej\u00f3 destruido por completo a un edificio residencial en la zona de Jamous, ubicada en el suburbio sure\u00f1o de Beirut.<\/p>\n<p style=\"text-align: justify;\">Las ambulancias y equipos de defensa civil acudieron al lugar, donde tratan de evacuar las v\u00edctimas, atender a los heridos y sacar a posibles personas atrapadas debajo de los escombros del inmueble bombardeado.<\/p>\n<p style=\"text-align: justify;\"><em>M\u00e1s detalles en breve\u2026<\/em><\/p>\n<div id='gallery-1' class='gallery galleryid-338528 gallery-columns-1 gallery-size-full'><figure class='gallery-item'>\n\t\t\t<div class='gallery-icon landscape'>\n\t\t\t\t<a href='https:\/\/archive.sana.sy\/es\/?attachment_id=338531'><img loading=\"lazy\" decoding=\"async\" width=\"826\" height=\"578\" src=\"https:\/\/archive.sana.sy\/es\/wp-content\/uploads\/2024\/09\/Israel-bombardea-Beirut-la-capital-libanesa001.jpeg\" class=\"attachment-full size-full\" alt=\"\" srcset=\"https:\/\/archive.sana.sy\/es\/wp-content\/uploads\/2024\/09\/Israel-bombardea-Beirut-la-capital-libanesa001.jpeg 826w, https:\/\/archive.sana.sy\/es\/wp-content\/uploads\/2024\/09\/Israel-bombardea-Beirut-la-capital-libanesa001-300x210.jpeg 300w, https:\/\/archive.sana.sy\/es\/wp-content\/uploads\/2024\/09\/Israel-bombardea-Beirut-la-capital-libanesa001-150x105.jpeg 150w, https:\/\/archive.sana.sy\/es\/wp-content\/uploads\/2024\/09\/Israel-bombardea-Beirut-la-capital-libanesa001-768x537.jpeg 768w\" sizes=\"(max-width: 826px) 100vw, 826px\" \/><\/a>\n\t\t\t<\/div><\/figure><figure class='gallery-item'>\n\t\t\t<div class='gallery-icon landscape'>\n\t\t\t\t<a href='https:\/\/archive.sana.sy\/es\/?attachment_id=338532'><img loading=\"lazy\" decoding=\"async\" width=\"720\" height=\"553\" src=\"https:\/\/archive.sana.sy\/es\/wp-content\/uploads\/2024\/09\/Israel-bombardea-Beirut-la-capital-libanesa01.jpeg\" class=\"attachment-full size-full\" alt=\"\" srcset=\"https:\/\/archive.sana.sy\/es\/wp-content\/uploads\/2024\/09\/Israel-bombardea-Beirut-la-capital-libanesa01.jpeg 720w, https:\/\/archive.sana.sy\/es\/wp-content\/uploads\/2024\/09\/Israel-bombardea-Beirut-la-capital-libanesa01-300x230.jpeg 300w, https:\/\/archive.sana.sy\/es\/wp-content\/uploads\/2024\/09\/Israel-bombardea-Beirut-la-capital-libanesa01-150x115.jpeg 150w\" sizes=\"(max-width: 720px) 100vw, 720px\" \/><\/a>\n\t\t\t<\/div><\/figure>\n\t\t<\/div>\n\n","protected":false},"excerpt":{"rendered":"<p>Beirut, 20 sep (SANA) El ej\u00e9rcito de ocupaci\u00f3n israel\u00ed perpetr\u00f3 hoy una agresi\u00f3n a\u00e9rea contra Beirut, la capital libanesa. El ataque, supuestamente lanzado mediante un dron, dej\u00f3 destruido por completo a un edificio residencial en la zona de Jamous, ubicada en el suburbio sure\u00f1o de Beirut. Las ambulancias y equipos de defensa civil acudieron al &hellip;<\/p>\n","protected":false},"author":39,"featured_media":338530,"comment_status":"closed","ping_status":"closed","sticky":false,"template":"","format":"standard","meta":{"footnotes":""},"categories":[597,456,20724,7541],"tags":[],"class_list":["post-338528","post","type-post","status-publish","format-standard","has-post-thumbnail","","category-cinta-de-noticias","category-arabe-internacional-politica","category-minuto-a-minuto","category-ultimas-noticias"],"_links":{"self":[{"href":"https:\/\/archive.sana.sy\/es\/index.php?rest_route=\/wp\/v2\/posts\/338528"}],"collection":[{"href":"https:\/\/archive.sana.sy\/es\/index.php?rest_route=\/wp\/v2\/posts"}],"about":[{"href":"https:\/\/archive.sana.sy\/es\/index.php?rest_route=\/wp\/v2\/types\/post"}],"author":[{"embeddable":true,"href":"https:\/\/archive.sana.sy\/es\/index.php?rest_route=\/wp\/v2\/users\/39"}],"replies":[{"embeddable":true,"href":"https:\/\/archive.sana.sy\/es\/index.php?rest_route=%2Fwp%2Fv2%2Fcomments&post=338528"}],"version-history":[{"count":2,"href":"https:\/\/archive.sana.sy\/es\/index.php?rest_route=\/wp\/v2\/posts\/338528\/revisions"}],"predecessor-version":[{"id":338534,"href":"https:\/\/archive.sana.sy\/es\/index.php?rest_route=\/wp\/v2\/posts\/338528\/revisions\/338534"}],"wp:featuredmedia":[{"embeddable":true,"href":"https:\/\/archive.sana.sy\/es\/index.php?rest_route=\/wp\/v2\/media\/338530"}],"wp:attachment":[{"href":"https:\/\/archive.sana.sy\/es\/index.php?rest_route=%2Fwp%2Fv2%2Fmedia&parent=338528"}],"wp:term":[{"taxonomy":"category","embeddable":true,"href":"https:\/\/archive.sana.sy\/es\/index.php?rest_route=%2Fwp%2Fv2%2Fcategories&post=338528"},{"taxonomy":"post_tag","embeddable":true,"href":"https:\/\/archive.sana.sy\/es\/index.php?rest_route=%2Fwp%2Fv2%2Ftags&post=338528"}],"curies":[{"name":"wp","href":"https:\/\/api.w.org\/{rel}","templated":true}]}}