{"id":338535,"date":"2024-09-20T17:52:18","date_gmt":"2024-09-20T14:52:18","guid":{"rendered":"https:\/\/sana.sy\/es\/?p=338535"},"modified":"2024-09-20T17:52:25","modified_gmt":"2024-09-20T14:52:25","slug":"al-menos-ocho-muertos-y-59-heridos-en-bombardeo-israeli-contra-beirut-la-capital-del-libano-fotos","status":"publish","type":"post","link":"https:\/\/archive.sana.sy\/es\/?p=338535","title":{"rendered":"Al menos ocho muertos y 59 heridos en bombardeo israel\u00ed contra Beirut, la capital del L\u00edbano (+Fotos)"},"content":{"rendered":"<p style=\"text-align: justify;\"><span style=\"color: #800000;\"><strong>Beirut, 20 sep (SANA)<\/strong> <\/span>Ocho muertos y m\u00e1s de 59 heridos es el balance preliminar del bombardeo israel\u00ed contra un edificio residencial en el barrio de Al-Qaim en el suburbio sur (Dahiya) de la capital de L\u00edbano.<\/p>\n<p style=\"text-align: justify;\">Seg\u00fan la Agencia Nacional Libanesa de Noticias, un avi\u00f3n de combate israel\u00ed F-35 lanz\u00f3 cuatro misiles contra un edificio civil en la referida zona y caus\u00f3 p\u00e9rdidas humanas, incluidos ni\u00f1os, adem\u00e1s de da\u00f1os materiales .<\/p>\n<p style=\"text-align: justify;\">Ambulancias, veh\u00edculos de la Cruz Roja y de extinci\u00f3n de incendios de la Defensa Civil acudieron al lugar del ataque para transportar a los heridos.<\/p>\n<p style=\"text-align: justify;\">Esta agresi\u00f3n ocurri\u00f3 d\u00edas despu\u00e9s de los ataques terroristas electr\u00f3nicos que provocaron m\u00e1s de 30 muertos y una cifra superior a los tres mil heridos entre martes y mi\u00e9rcoles.<\/p>\n<p style=\"text-align: justify;\"><img loading=\"lazy\" decoding=\"async\" class=\"alignnone wp-image-338538 size-full\" src=\"http:\/\/sana.sy\/es\/wp-content\/uploads\/2024\/09\/agresion-israeli-a-Beirut.jpg\" alt=\"\" width=\"1280\" height=\"720\" srcset=\"https:\/\/archive.sana.sy\/es\/wp-content\/uploads\/2024\/09\/agresion-israeli-a-Beirut.jpg 1280w, https:\/\/archive.sana.sy\/es\/wp-content\/uploads\/2024\/09\/agresion-israeli-a-Beirut-300x169.jpg 300w, https:\/\/archive.sana.sy\/es\/wp-content\/uploads\/2024\/09\/agresion-israeli-a-Beirut-1024x576.jpg 1024w, https:\/\/archive.sana.sy\/es\/wp-content\/uploads\/2024\/09\/agresion-israeli-a-Beirut-150x84.jpg 150w, https:\/\/archive.sana.sy\/es\/wp-content\/uploads\/2024\/09\/agresion-israeli-a-Beirut-768x432.jpg 768w\" sizes=\"(max-width: 1280px) 100vw, 1280px\" \/> <img loading=\"lazy\" decoding=\"async\" class=\"alignnone wp-image-338539 size-full\" src=\"http:\/\/sana.sy\/es\/wp-content\/uploads\/2024\/09\/Israel-bombardea-Beirut-la-capital-libanesa001-1.jpeg\" alt=\"\" width=\"826\" height=\"578\" srcset=\"https:\/\/archive.sana.sy\/es\/wp-content\/uploads\/2024\/09\/Israel-bombardea-Beirut-la-capital-libanesa001-1.jpeg 826w, https:\/\/archive.sana.sy\/es\/wp-content\/uploads\/2024\/09\/Israel-bombardea-Beirut-la-capital-libanesa001-1-300x210.jpeg 300w, https:\/\/archive.sana.sy\/es\/wp-content\/uploads\/2024\/09\/Israel-bombardea-Beirut-la-capital-libanesa001-1-150x105.jpeg 150w, https:\/\/archive.sana.sy\/es\/wp-content\/uploads\/2024\/09\/Israel-bombardea-Beirut-la-capital-libanesa001-1-768x537.jpeg 768w\" sizes=\"(max-width: 826px) 100vw, 826px\" \/> <img loading=\"lazy\" decoding=\"async\" class=\"alignnone wp-image-338540 size-full\" src=\"http:\/\/sana.sy\/es\/wp-content\/uploads\/2024\/09\/Israel-bombardea-Beirut-la-capital-libanesa01-1.jpeg\" alt=\"\" width=\"720\" height=\"553\" srcset=\"https:\/\/archive.sana.sy\/es\/wp-content\/uploads\/2024\/09\/Israel-bombardea-Beirut-la-capital-libanesa01-1.jpeg 720w, https:\/\/archive.sana.sy\/es\/wp-content\/uploads\/2024\/09\/Israel-bombardea-Beirut-la-capital-libanesa01-1-300x230.jpeg 300w, https:\/\/archive.sana.sy\/es\/wp-content\/uploads\/2024\/09\/Israel-bombardea-Beirut-la-capital-libanesa01-1-150x115.jpeg 150w\" sizes=\"(max-width: 720px) 100vw, 720px\" \/> <img loading=\"lazy\" decoding=\"async\" class=\"alignnone wp-image-338541 size-full\" src=\"http:\/\/sana.sy\/es\/wp-content\/uploads\/2024\/09\/photo_2024-09-20_16-27-32-1.jpg\" alt=\"\" width=\"719\" height=\"687\" srcset=\"https:\/\/archive.sana.sy\/es\/wp-content\/uploads\/2024\/09\/photo_2024-09-20_16-27-32-1.jpg 719w, https:\/\/archive.sana.sy\/es\/wp-content\/uploads\/2024\/09\/photo_2024-09-20_16-27-32-1-300x287.jpg 300w, https:\/\/archive.sana.sy\/es\/wp-content\/uploads\/2024\/09\/photo_2024-09-20_16-27-32-1-150x143.jpg 150w\" sizes=\"(max-width: 719px) 100vw, 719px\" \/><\/p>\n<p style=\"text-align: justify;\">fm\/sm<\/p>\n","protected":false},"excerpt":{"rendered":"<p>Beirut, 20 sep (SANA) Ocho muertos y m\u00e1s de 59 heridos es el balance preliminar del bombardeo israel\u00ed contra un edificio residencial en el barrio de Al-Qaim en el suburbio sur (Dahiya) de la capital de L\u00edbano. Seg\u00fan la Agencia Nacional Libanesa de Noticias, un avi\u00f3n de combate israel\u00ed F-35 lanz\u00f3 cuatro misiles contra un &hellip;<\/p>\n","protected":false},"author":39,"featured_media":338537,"comment_status":"closed","ping_status":"closed","sticky":false,"template":"","format":"standard","meta":{"footnotes":""},"categories":[597,456,16687,20724,583],"tags":[],"class_list":["post-338535","post","type-post","status-publish","format-standard","has-post-thumbnail","","category-cinta-de-noticias","category-arabe-internacional-politica","category-internacionales","category-minuto-a-minuto","category-slide"],"_links":{"self":[{"href":"https:\/\/archive.sana.sy\/es\/index.php?rest_route=\/wp\/v2\/posts\/338535"}],"collection":[{"href":"https:\/\/archive.sana.sy\/es\/index.php?rest_route=\/wp\/v2\/posts"}],"about":[{"href":"https:\/\/archive.sana.sy\/es\/index.php?rest_route=\/wp\/v2\/types\/post"}],"author":[{"embeddable":true,"href":"https:\/\/archive.sana.sy\/es\/index.php?rest_route=\/wp\/v2\/users\/39"}],"replies":[{"embeddable":true,"href":"https:\/\/archive.sana.sy\/es\/index.php?rest_route=%2Fwp%2Fv2%2Fcomments&post=338535"}],"version-history":[{"count":1,"href":"https:\/\/archive.sana.sy\/es\/index.php?rest_route=\/wp\/v2\/posts\/338535\/revisions"}],"predecessor-version":[{"id":338542,"href":"https:\/\/archive.sana.sy\/es\/index.php?rest_route=\/wp\/v2\/posts\/338535\/revisions\/338542"}],"wp:featuredmedia":[{"embeddable":true,"href":"https:\/\/archive.sana.sy\/es\/index.php?rest_route=\/wp\/v2\/media\/338537"}],"wp:attachment":[{"href":"https:\/\/archive.sana.sy\/es\/index.php?rest_route=%2Fwp%2Fv2%2Fmedia&parent=338535"}],"wp:term":[{"taxonomy":"category","embeddable":true,"href":"https:\/\/archive.sana.sy\/es\/index.php?rest_route=%2Fwp%2Fv2%2Fcategories&post=338535"},{"taxonomy":"post_tag","embeddable":true,"href":"https:\/\/archive.sana.sy\/es\/index.php?rest_route=%2Fwp%2Fv2%2Ftags&post=338535"}],"curies":[{"name":"wp","href":"https:\/\/api.w.org\/{rel}","templated":true}]}}