{"id":338543,"date":"2024-09-20T19:15:26","date_gmt":"2024-09-20T16:15:26","guid":{"rendered":"https:\/\/sana.sy\/es\/?p=338543"},"modified":"2024-09-20T19:16:57","modified_gmt":"2024-09-20T16:16:57","slug":"siria-condena-reciente-agresion-israeli-contra-beirut","status":"publish","type":"post","link":"https:\/\/archive.sana.sy\/es\/?p=338543","title":{"rendered":"Siria condena reciente agresi\u00f3n israel\u00ed contra Beirut"},"content":{"rendered":"<p style=\"text-align: justify;\"><span style=\"color: #800000;\"><strong>Damasco, 20 sep (SANA) <\/strong><\/span>El Ministerio de Asuntos Exteriores y Expatriados de Siria declar\u00f3 que \u201cIsrael\u201d, al cometer cr\u00edmenes en varias partes de la regi\u00f3n, el \u00faltimo de los cuales fue en el suburbio sur de Beirut, demuestra su brutalidad y su flagrante alejamiento de la humanidad y la legitimidad internacional, ya que estos cr\u00edmenes son considerados cr\u00edmenes de guerra y lesa humanidad.<\/p>\n<p style=\"text-align: justify;\">\u201cDamasco saluda a los valientes hermanos en el L\u00edbano y conf\u00eda en su capacidad para enfrentar estos cobardes ataques, y les afirma su apoyo en la resistencia que lograron contra el agresor israel\u00ed\u201d, anunci\u00f3 la Canciller\u00eda.<\/p>\n<p style=\"text-align: justify;\">Adem\u00e1s, Siria condena los cr\u00edmenes israel\u00edes y advierte que su continuaci\u00f3n representa una amenaza para toda la regi\u00f3n.<\/p>\n<p style=\"text-align: justify;\">Asimismo, Damasco condena en\u00e9rgicamente el apoyo militar y pol\u00edtico brindado por EEUU y los pa\u00edses occidentales a estos ataques.<\/p>\n<p style=\"text-align: justify;\">sm<\/p>\n","protected":false},"excerpt":{"rendered":"<p>Damasco, 20 sep (SANA) El Ministerio de Asuntos Exteriores y Expatriados de Siria declar\u00f3 que \u201cIsrael\u201d, al cometer cr\u00edmenes en varias partes de la regi\u00f3n, el \u00faltimo de los cuales fue en el suburbio sur de Beirut, demuestra su brutalidad y su flagrante alejamiento de la humanidad y la legitimidad internacional, ya que estos cr\u00edmenes &hellip;<\/p>\n","protected":false},"author":39,"featured_media":338547,"comment_status":"closed","ping_status":"closed","sticky":false,"template":"","format":"standard","meta":{"footnotes":""},"categories":[597,20724,467,583],"tags":[],"class_list":["post-338543","post","type-post","status-publish","format-standard","has-post-thumbnail","","category-cinta-de-noticias","category-minuto-a-minuto","category-siria-y-el-mundo","category-slide"],"_links":{"self":[{"href":"https:\/\/archive.sana.sy\/es\/index.php?rest_route=\/wp\/v2\/posts\/338543"}],"collection":[{"href":"https:\/\/archive.sana.sy\/es\/index.php?rest_route=\/wp\/v2\/posts"}],"about":[{"href":"https:\/\/archive.sana.sy\/es\/index.php?rest_route=\/wp\/v2\/types\/post"}],"author":[{"embeddable":true,"href":"https:\/\/archive.sana.sy\/es\/index.php?rest_route=\/wp\/v2\/users\/39"}],"replies":[{"embeddable":true,"href":"https:\/\/archive.sana.sy\/es\/index.php?rest_route=%2Fwp%2Fv2%2Fcomments&post=338543"}],"version-history":[{"count":2,"href":"https:\/\/archive.sana.sy\/es\/index.php?rest_route=\/wp\/v2\/posts\/338543\/revisions"}],"predecessor-version":[{"id":338546,"href":"https:\/\/archive.sana.sy\/es\/index.php?rest_route=\/wp\/v2\/posts\/338543\/revisions\/338546"}],"wp:featuredmedia":[{"embeddable":true,"href":"https:\/\/archive.sana.sy\/es\/index.php?rest_route=\/wp\/v2\/media\/338547"}],"wp:attachment":[{"href":"https:\/\/archive.sana.sy\/es\/index.php?rest_route=%2Fwp%2Fv2%2Fmedia&parent=338543"}],"wp:term":[{"taxonomy":"category","embeddable":true,"href":"https:\/\/archive.sana.sy\/es\/index.php?rest_route=%2Fwp%2Fv2%2Fcategories&post=338543"},{"taxonomy":"post_tag","embeddable":true,"href":"https:\/\/archive.sana.sy\/es\/index.php?rest_route=%2Fwp%2Fv2%2Ftags&post=338543"}],"curies":[{"name":"wp","href":"https:\/\/api.w.org\/{rel}","templated":true}]}}