{"id":338548,"date":"2024-09-20T19:39:07","date_gmt":"2024-09-20T16:39:07","guid":{"rendered":"https:\/\/sana.sy\/es\/?p=338548"},"modified":"2024-09-20T19:42:11","modified_gmt":"2024-09-20T16:42:11","slug":"nuestra-region-enfrenta-grandes-peligros-debido-a-la-escalada-de-crimenes-israelies-afirma-delegado-de-siria-ante-la-onu","status":"publish","type":"post","link":"https:\/\/archive.sana.sy\/es\/?p=338548","title":{"rendered":"Nuestra regi\u00f3n enfrenta grandes peligros debido a la escalada de cr\u00edmenes israel\u00edes, afirma delegado de Siria ante la ONU"},"content":{"rendered":"<p style=\"text-align: justify;\"><span style=\"color: #800000;\"><strong>Nueva York, 20 sep (SANA)<\/strong><\/span>\u00a0 \u00a0El representante permanente de Siria ante las Naciones Unidas, el embajador Qusay Al-Dahhak, confirm\u00f3 que nuestra regi\u00f3n ha estado enfrentando, durante aproximadamente un a\u00f1o, grandes peligros resultantes de la escalada de cr\u00edmenes del ocupante israel\u00ed contra el pueblo palestino y sus continuas acciones agresivas contra los pa\u00edses de la regi\u00f3n, incluida Siria.<\/p>\n<p style=\"text-align: justify;\">Adem\u00e1s, el embajador Al-Dahhak dijo hoy en una declaraci\u00f3n durante una sesi\u00f3n del Consejo de Seguridad sobre asuntos pol\u00edticos y humanitarios en Siria que el ocupante sionista no habr\u00eda continuado sus agresiones sin el apoyo e inmunidad ilimitada que le brindan EEUU y otros pa\u00edses occidentales.<\/p>\n<p style=\"text-align: justify;\">El diplom\u00e1tico sirio inform\u00f3 que el 8 de septiembre de este a\u00f1o, \u201cIsrael\u201d lanz\u00f3 una flagrante agresi\u00f3n a\u00e9rea contra las zonas rurales de la provincia de Hama, que provoc\u00f3 la muerte de 18 civiles y heridas a otros37, as\u00ed como da\u00f1os materiales a \u00e1reas residenciales e infraestructuras.<\/p>\n<p style=\"text-align: justify;\">El delegado sirio anunci\u00f3 que Damasco responsabiliza a los pa\u00edses que apoyan a \u201cIsrael\u201d por las consecuencias de estos flagrantes ataques.<\/p>\n<p style=\"text-align: justify;\">Asimismo, reafirm\u00f3 el derecho de Siria a la autodefensa de conformidad con el Art\u00edculo 51 de la Carta de las Naciones Unidas y su intenci\u00f3n de restaurar el Gol\u00e1n ocupado por todos los medios previstos por el Derecho Internacional.<\/p>\n<p style=\"text-align: justify;\">sm<\/p>\n","protected":false},"excerpt":{"rendered":"<p>Nueva York, 20 sep (SANA)\u00a0 \u00a0El representante permanente de Siria ante las Naciones Unidas, el embajador Qusay Al-Dahhak, confirm\u00f3 que nuestra regi\u00f3n ha estado enfrentando, durante aproximadamente un a\u00f1o, grandes peligros resultantes de la escalada de cr\u00edmenes del ocupante israel\u00ed contra el pueblo palestino y sus continuas acciones agresivas contra los pa\u00edses de la regi\u00f3n, &hellip;<\/p>\n","protected":false},"author":39,"featured_media":338549,"comment_status":"closed","ping_status":"closed","sticky":false,"template":"","format":"standard","meta":{"footnotes":""},"categories":[597,20724,467,583],"tags":[],"class_list":["post-338548","post","type-post","status-publish","format-standard","has-post-thumbnail","","category-cinta-de-noticias","category-minuto-a-minuto","category-siria-y-el-mundo","category-slide"],"_links":{"self":[{"href":"https:\/\/archive.sana.sy\/es\/index.php?rest_route=\/wp\/v2\/posts\/338548"}],"collection":[{"href":"https:\/\/archive.sana.sy\/es\/index.php?rest_route=\/wp\/v2\/posts"}],"about":[{"href":"https:\/\/archive.sana.sy\/es\/index.php?rest_route=\/wp\/v2\/types\/post"}],"author":[{"embeddable":true,"href":"https:\/\/archive.sana.sy\/es\/index.php?rest_route=\/wp\/v2\/users\/39"}],"replies":[{"embeddable":true,"href":"https:\/\/archive.sana.sy\/es\/index.php?rest_route=%2Fwp%2Fv2%2Fcomments&post=338548"}],"version-history":[{"count":4,"href":"https:\/\/archive.sana.sy\/es\/index.php?rest_route=\/wp\/v2\/posts\/338548\/revisions"}],"predecessor-version":[{"id":338553,"href":"https:\/\/archive.sana.sy\/es\/index.php?rest_route=\/wp\/v2\/posts\/338548\/revisions\/338553"}],"wp:featuredmedia":[{"embeddable":true,"href":"https:\/\/archive.sana.sy\/es\/index.php?rest_route=\/wp\/v2\/media\/338549"}],"wp:attachment":[{"href":"https:\/\/archive.sana.sy\/es\/index.php?rest_route=%2Fwp%2Fv2%2Fmedia&parent=338548"}],"wp:term":[{"taxonomy":"category","embeddable":true,"href":"https:\/\/archive.sana.sy\/es\/index.php?rest_route=%2Fwp%2Fv2%2Fcategories&post=338548"},{"taxonomy":"post_tag","embeddable":true,"href":"https:\/\/archive.sana.sy\/es\/index.php?rest_route=%2Fwp%2Fv2%2Ftags&post=338548"}],"curies":[{"name":"wp","href":"https:\/\/api.w.org\/{rel}","templated":true}]}}