{"id":338554,"date":"2024-09-20T19:55:29","date_gmt":"2024-09-20T16:55:29","guid":{"rendered":"https:\/\/sana.sy\/es\/?p=338554"},"modified":"2024-09-20T19:55:29","modified_gmt":"2024-09-20T16:55:29","slug":"rusia-advierte-sobre-aumento-de-la-actividad-provocadora-de-la-otan-en-las-fronteras-de-bielorrusia","status":"publish","type":"post","link":"https:\/\/archive.sana.sy\/es\/?p=338554","title":{"rendered":"Rusia advierte sobre aumento de la actividad provocadora de la OTAN en las fronteras de Bielorrusia"},"content":{"rendered":"<p style=\"text-align: justify;\"><span style=\"color: #800000;\"><strong>Mosc\u00fa, 20 sep (SANA)\u00a0<\/strong> <\/span>El Ministerio de Asuntos Exteriores de Rusia advirti\u00f3 sobre el aumento de la actividad provocadora de la OTAN en las fronteras bielorrusas y expres\u00f3 su preocupaci\u00f3n por ello.<\/p>\n<p style=\"text-align: justify;\">\u201cMosc\u00fa presta la debida atenci\u00f3n a la informaci\u00f3n recibida sobre la situaci\u00f3n de las fuerzas ucranianas en la zona fronteriza de nuestro aliado Bielorrusia y es consciente de las continuas provocaciones con drones\u201d, dijo la portavoz de la Canciller\u00eda rusa, Mar\u00eda Zaj\u00e1rova, en un comunicado.<\/p>\n<p style=\"text-align: justify;\">Zaj\u00e1rova record\u00f3 a los pa\u00edses occidentales que la doctrina militar del Estado de la Uni\u00f3n entre Rusia y Bielorrusia prev\u00e9 la defensa conjunta con todas las fuerzas y medios.<\/p>\n<p style=\"text-align: justify;\">Subray\u00f3 que los pasos hostiles de Kiev obligan a la parte bielorrusa a utilizar las fuerzas armadas para llevar a cabo tareas de garant\u00eda de la seguridad del territorio de la Rep\u00fablica y de sus ciudadanos.<\/p>\n<p style=\"text-align: justify;\">Asimismo, la vocera afirm\u00f3 que la implementaci\u00f3n pr\u00e1ctica de cualquier escenario agresivo contra Bielorrusia tendr\u00eda consecuencias nefastas no solo para el r\u00e9gimen ucraniano sino tambi\u00e9n para sus patrocinadores.<\/p>\n<p style=\"text-align: justify;\">sm<\/p>\n","protected":false},"excerpt":{"rendered":"<p>Mosc\u00fa, 20 sep (SANA)\u00a0 El Ministerio de Asuntos Exteriores de Rusia advirti\u00f3 sobre el aumento de la actividad provocadora de la OTAN en las fronteras bielorrusas y expres\u00f3 su preocupaci\u00f3n por ello. \u201cMosc\u00fa presta la debida atenci\u00f3n a la informaci\u00f3n recibida sobre la situaci\u00f3n de las fuerzas ucranianas en la zona fronteriza de nuestro aliado &hellip;<\/p>\n","protected":false},"author":39,"featured_media":338555,"comment_status":"closed","ping_status":"closed","sticky":false,"template":"","format":"standard","meta":{"footnotes":""},"categories":[597,456,16687,20724,7541],"tags":[],"class_list":["post-338554","post","type-post","status-publish","format-standard","has-post-thumbnail","","category-cinta-de-noticias","category-arabe-internacional-politica","category-internacionales","category-minuto-a-minuto","category-ultimas-noticias"],"_links":{"self":[{"href":"https:\/\/archive.sana.sy\/es\/index.php?rest_route=\/wp\/v2\/posts\/338554"}],"collection":[{"href":"https:\/\/archive.sana.sy\/es\/index.php?rest_route=\/wp\/v2\/posts"}],"about":[{"href":"https:\/\/archive.sana.sy\/es\/index.php?rest_route=\/wp\/v2\/types\/post"}],"author":[{"embeddable":true,"href":"https:\/\/archive.sana.sy\/es\/index.php?rest_route=\/wp\/v2\/users\/39"}],"replies":[{"embeddable":true,"href":"https:\/\/archive.sana.sy\/es\/index.php?rest_route=%2Fwp%2Fv2%2Fcomments&post=338554"}],"version-history":[{"count":1,"href":"https:\/\/archive.sana.sy\/es\/index.php?rest_route=\/wp\/v2\/posts\/338554\/revisions"}],"predecessor-version":[{"id":338556,"href":"https:\/\/archive.sana.sy\/es\/index.php?rest_route=\/wp\/v2\/posts\/338554\/revisions\/338556"}],"wp:featuredmedia":[{"embeddable":true,"href":"https:\/\/archive.sana.sy\/es\/index.php?rest_route=\/wp\/v2\/media\/338555"}],"wp:attachment":[{"href":"https:\/\/archive.sana.sy\/es\/index.php?rest_route=%2Fwp%2Fv2%2Fmedia&parent=338554"}],"wp:term":[{"taxonomy":"category","embeddable":true,"href":"https:\/\/archive.sana.sy\/es\/index.php?rest_route=%2Fwp%2Fv2%2Fcategories&post=338554"},{"taxonomy":"post_tag","embeddable":true,"href":"https:\/\/archive.sana.sy\/es\/index.php?rest_route=%2Fwp%2Fv2%2Ftags&post=338554"}],"curies":[{"name":"wp","href":"https:\/\/api.w.org\/{rel}","templated":true}]}}