{"id":338570,"date":"2024-09-21T09:48:06","date_gmt":"2024-09-21T06:48:06","guid":{"rendered":"https:\/\/sana.sy\/es\/?p=338570"},"modified":"2024-09-21T09:48:06","modified_gmt":"2024-09-21T06:48:06","slug":"tunez-condena-energicamente-la-agresion-israeli-a-beirut","status":"publish","type":"post","link":"https:\/\/archive.sana.sy\/es\/?p=338570","title":{"rendered":"T\u00fanez condena en\u00e9rgicamente la agresi\u00f3n israel\u00ed a Beirut"},"content":{"rendered":"<p style=\"text-align: justify;\"><span style=\"color: #800000;\"><strong>T\u00fanez, 21 sep (SANA)<\/strong> <\/span>El Ministerio de Asuntos Exteriores de T\u00fanez conden\u00f3 en\u00e9rgicamente la agresi\u00f3n israel\u00ed contra un barrio residencial en la capital libanesa, Beirut, que provoc\u00f3 la muerte de 14 personas y decenas de heridos.<\/p>\n<p style=\"text-align: justify;\">Un comunicado del Ministerio citado por la Agencia de Noticias de T\u00fanez, inform\u00f3 que \u201cel ataque a Beirut es un nuevo cap\u00edtulo en los continuos actos terroristas contra civiles inocentes, una flagrante violaci\u00f3n de la soberan\u00eda del L\u00edbano y su pueblo, y de todos los derechos humanos, convenciones y leyes internacionales\u201d.<\/p>\n<p style=\"text-align: justify;\">La declaraci\u00f3n afirm\u00f3 la solidaridad de T\u00fanez con el hermano L\u00edbano y su apoyo para enfrentar todas las amenazas y ataques, responsabilizando plenamente a la comunidad internacional y a todas las partes que apoyan a la entidad ocupante de trabajar de inmediato para detener sus repetidos ataques contra los pa\u00edses de la regi\u00f3n y sus pueblos<\/p>\n<p style=\"text-align: justify;\"><em><strong>ah<\/strong><\/em><\/p>\n","protected":false},"excerpt":{"rendered":"<p>T\u00fanez, 21 sep (SANA) El Ministerio de Asuntos Exteriores de T\u00fanez conden\u00f3 en\u00e9rgicamente la agresi\u00f3n israel\u00ed contra un barrio residencial en la capital libanesa, Beirut, que provoc\u00f3 la muerte de 14 personas y decenas de heridos. Un comunicado del Ministerio citado por la Agencia de Noticias de T\u00fanez, inform\u00f3 que \u201cel ataque a Beirut es &hellip;<\/p>\n","protected":false},"author":30,"featured_media":338571,"comment_status":"closed","ping_status":"closed","sticky":false,"template":"","format":"standard","meta":{"footnotes":""},"categories":[597,456,20724,7541],"tags":[],"class_list":["post-338570","post","type-post","status-publish","format-standard","has-post-thumbnail","","category-cinta-de-noticias","category-arabe-internacional-politica","category-minuto-a-minuto","category-ultimas-noticias"],"_links":{"self":[{"href":"https:\/\/archive.sana.sy\/es\/index.php?rest_route=\/wp\/v2\/posts\/338570"}],"collection":[{"href":"https:\/\/archive.sana.sy\/es\/index.php?rest_route=\/wp\/v2\/posts"}],"about":[{"href":"https:\/\/archive.sana.sy\/es\/index.php?rest_route=\/wp\/v2\/types\/post"}],"author":[{"embeddable":true,"href":"https:\/\/archive.sana.sy\/es\/index.php?rest_route=\/wp\/v2\/users\/30"}],"replies":[{"embeddable":true,"href":"https:\/\/archive.sana.sy\/es\/index.php?rest_route=%2Fwp%2Fv2%2Fcomments&post=338570"}],"version-history":[{"count":1,"href":"https:\/\/archive.sana.sy\/es\/index.php?rest_route=\/wp\/v2\/posts\/338570\/revisions"}],"predecessor-version":[{"id":338572,"href":"https:\/\/archive.sana.sy\/es\/index.php?rest_route=\/wp\/v2\/posts\/338570\/revisions\/338572"}],"wp:featuredmedia":[{"embeddable":true,"href":"https:\/\/archive.sana.sy\/es\/index.php?rest_route=\/wp\/v2\/media\/338571"}],"wp:attachment":[{"href":"https:\/\/archive.sana.sy\/es\/index.php?rest_route=%2Fwp%2Fv2%2Fmedia&parent=338570"}],"wp:term":[{"taxonomy":"category","embeddable":true,"href":"https:\/\/archive.sana.sy\/es\/index.php?rest_route=%2Fwp%2Fv2%2Fcategories&post=338570"},{"taxonomy":"post_tag","embeddable":true,"href":"https:\/\/archive.sana.sy\/es\/index.php?rest_route=%2Fwp%2Fv2%2Ftags&post=338570"}],"curies":[{"name":"wp","href":"https:\/\/api.w.org\/{rel}","templated":true}]}}