{"id":338573,"date":"2024-09-21T10:11:16","date_gmt":"2024-09-21T07:11:16","guid":{"rendered":"https:\/\/sana.sy\/es\/?p=338573"},"modified":"2024-09-21T10:11:35","modified_gmt":"2024-09-21T07:11:35","slug":"siria-insta-al-consejo-de-seguridad-a-condenar-agresion-israeli-contra-beirut","status":"publish","type":"post","link":"https:\/\/archive.sana.sy\/es\/?p=338573","title":{"rendered":"Siria insta al Consejo de Seguridad a asumir sus responsabilidades y a condenar agresi\u00f3n israel\u00ed contra Beirut"},"content":{"rendered":"<p style=\"text-align: justify;\"><span style=\"color: #800000;\"><strong>Nueva York, 21 se (SANA)\u00a0<\/strong><\/span>El embajador permanente de Siria ante las Naciones Unidas y presidente del grupo \u00e1rabe, Qusai al-Dahhak, inst\u00f3 al Consejo de Seguridad a condenar el ciberataque israel\u00ed contra el L\u00edbano y asumir sus responsabilidades en la preservaci\u00f3n de la paz y seguridad internacionales.<\/p>\n<p style=\"text-align: justify;\">Se\u00f1al\u00f3 que la entidad de ocupaci\u00f3n, fundada sobre el asesinato y el terrorismo, utiliz\u00f3 tecnolog\u00eda avanzada, dise\u00f1ada para el beneficio humano, para cometer un acto de matanza masiva, convirtiendo dispositivos civiles en bombas que matan indiscriminadamente.<\/p>\n<p style=\"text-align: justify;\">Durante una sesi\u00f3n de emergencia del Consejo de Seguridad sobre la agresi\u00f3n israel\u00ed, Dahhak denunci\u00f3 que el ataque, perpetrado los pasados martes y mi\u00e9rcoles, afect\u00f3 a miles de civiles en todo el L\u00edbano mediante la explosi\u00f3n simult\u00e1nea de dispositivos electr\u00f3nicos.<\/p>\n<p style=\"text-align: justify;\">El ataque result\u00f3 en 37 muertos y 3250 heridos, muchos en estado cr\u00edtico.<\/p>\n<p style=\"text-align: justify;\">Subray\u00f3 que, al cometer este crimen, \u201cIsrael\u201d intensific\u00f3 su terrorismo contra los libaneses en sus propios hogares y espacios p\u00fablicos, sin respeto por el derecho internacional ni las convenciones de derechos humanos.<\/p>\n<p style=\"text-align: justify;\">Dahhak resalt\u00f3 que, aunque la brutalidad israel\u00ed no es nueva, la innovaci\u00f3n de esta agresi\u00f3n reside en el uso de tecnolog\u00eda moderna para la matanza masiva.<\/p>\n<p style=\"text-align: justify;\">Explic\u00f3 que \u201cIsrael\u201d convirti\u00f3 equipos civiles en armas letales, lo que gener\u00f3 desconfianza global sobre la seguridad de los sistemas de comunicaci\u00f3n.<\/p>\n<p style=\"text-align: justify;\">\u201cIsrael recurri\u00f3 a ciberataques en los \u00faltimos meses para interrumpir el tr\u00e1fico a\u00e9reo, comprometer la seguridad de la aviaci\u00f3n civil, amenazar la seguridad de pasajeros en el espacio a\u00e9reo liban\u00e9s y sabotear infraestructuras esenciales\u201d, denunci\u00f3.<\/p>\n<p style=\"text-align: justify;\">Estos actos, afirm\u00f3, demuestran el desprecio de la entidad de ocupaci\u00f3n israel\u00ed por las vidas civiles y el derecho internacional.<\/p>\n<p style=\"text-align: justify;\">En nombre del grupo \u00e1rabe, Dahhak conden\u00f3 en\u00e9rgicamente la agresi\u00f3n \u00a0israel\u00ed contra el pueblo liban\u00e9s y exigi\u00f3 rendir cuentas a \u201cIsrael\u201d.<\/p>\n<p style=\"text-align: justify;\">Adem\u00e1s, expres\u00f3 sus condolencias al gobierno y pueblo de L\u00edbano y a las familias de las v\u00edctimas.<\/p>\n<p style=\"text-align: justify;\">Reiter\u00f3 el apoyo total del grupo \u00e1rabe al L\u00edbano en su resistencia contra la continua agresi\u00f3n israel\u00ed.<\/p>\n<p style=\"text-align: justify;\">El embajador solicit\u00f3 al Consejo de Seguridad que condene el terrorismo cibern\u00e9tico de \u201cIsrael\u201d y la agresi\u00f3n continua contra el L\u00edbano, a la que calific\u00f3 como una extensi\u00f3n de las pol\u00edticas de genocidio y limpieza \u00e9tnica que \u201cIsrael\u201d practica en Palestina.<\/p>\n<p style=\"text-align: justify;\">Afirm\u00f3 que estas acciones no disuadir\u00e1n a los pueblos \u00e1rabes de reclamar sus derechos leg\u00edtimos garantizados por el derecho internacional y la liberaci\u00f3n de sus territorios ocupados.<\/p>\n<p style=\"text-align: justify;\">Dahhak renov\u00f3 el llamado del grupo \u00e1rabe al Consejo de Seguridad para que cumpla con su deber de preservar la paz, y exigi\u00f3 el cese inmediato de la agresi\u00f3n y la aplicaci\u00f3n de las resoluciones que pongan fin a la ocupaci\u00f3n israel\u00ed de Palestina, Siria y el L\u00edbano.<\/p>\n<p style=\"text-align: justify;\">Tambi\u00e9n advirti\u00f3 que \u201cIsrael\u201d ser\u00e1 responsable de cualquier escalada que arrastre a la regi\u00f3n a una guerra total.<\/p>\n<p style=\"text-align: justify;\">En representaci\u00f3n de Siria, Dahhak conden\u00f3 la agresi\u00f3n israel\u00ed, que incluy\u00f3 un ciberataque que dej\u00f3 decenas de muertos y heridos, incluido el embajador iran\u00ed en L\u00edbano, y una agresi\u00f3n a\u00e9rea que asesin\u00f3 a 16 personas, incluidos ni\u00f1os, en un barrio residencial de Beirut.<\/p>\n<p style=\"text-align: justify;\">Finalmente, reafirm\u00f3 la solidaridad de Siria con el L\u00edbano y pidi\u00f3 a la comunidad internacional condenar la agresi\u00f3n israel\u00ed, responsabilizando a los pa\u00edses que apoyan a \u201cIsrael\u201d, especialmente a Estados Unidos, por impedir que el Consejo de Seguridad act\u00fae ante el peligro que representa \u201cIsrael\u201d para la paz regional.<\/p>\n<p style=\"text-align: justify;\">En sus palabras finales, Dahhak record\u00f3 que la causa fundamental de la inestabilidad en la regi\u00f3n es la persistencia de la ocupaci\u00f3n israel\u00ed de tierras \u00e1rabes en Palestina, el Gol\u00e1n sirio ocupado y el sur del L\u00edbano.<\/p>\n<p style=\"text-align: justify;\">Afirm\u00f3 que el fin de la ocupaci\u00f3n es la \u00fanica soluci\u00f3n para restablecer la paz y la estabilidad en la regi\u00f3n.<\/p>\n<p style=\"text-align: justify;\">\u201cLos hijos de Majdal Shams, cuya sangre pura est\u00e1 tratando de comerciar el representante de la ocupaci\u00f3n, son ni\u00f1os sirios del Gol\u00e1n sirio ocupado, y ellos y sus familias aspiran a poner fin a la ocupaci\u00f3n y retirarse del Gol\u00e1n para regresar a su patria, Siria\u201d, concluy\u00f3.<\/p>\n<p style=\"text-align: justify;\"><em><strong>ah<\/strong><\/em><\/p>\n","protected":false},"excerpt":{"rendered":"<p>Nueva York, 21 se (SANA)\u00a0El embajador permanente de Siria ante las Naciones Unidas y presidente del grupo \u00e1rabe, Qusai al-Dahhak, inst\u00f3 al Consejo de Seguridad a condenar el ciberataque israel\u00ed contra el L\u00edbano y asumir sus responsabilidades en la preservaci\u00f3n de la paz y seguridad internacionales. Se\u00f1al\u00f3 que la entidad de ocupaci\u00f3n, fundada sobre el &hellip;<\/p>\n","protected":false},"author":30,"featured_media":338574,"comment_status":"closed","ping_status":"closed","sticky":false,"template":"","format":"standard","meta":{"footnotes":""},"categories":[597,467,583],"tags":[],"class_list":["post-338573","post","type-post","status-publish","format-standard","has-post-thumbnail","","category-cinta-de-noticias","category-siria-y-el-mundo","category-slide"],"_links":{"self":[{"href":"https:\/\/archive.sana.sy\/es\/index.php?rest_route=\/wp\/v2\/posts\/338573"}],"collection":[{"href":"https:\/\/archive.sana.sy\/es\/index.php?rest_route=\/wp\/v2\/posts"}],"about":[{"href":"https:\/\/archive.sana.sy\/es\/index.php?rest_route=\/wp\/v2\/types\/post"}],"author":[{"embeddable":true,"href":"https:\/\/archive.sana.sy\/es\/index.php?rest_route=\/wp\/v2\/users\/30"}],"replies":[{"embeddable":true,"href":"https:\/\/archive.sana.sy\/es\/index.php?rest_route=%2Fwp%2Fv2%2Fcomments&post=338573"}],"version-history":[{"count":2,"href":"https:\/\/archive.sana.sy\/es\/index.php?rest_route=\/wp\/v2\/posts\/338573\/revisions"}],"predecessor-version":[{"id":338576,"href":"https:\/\/archive.sana.sy\/es\/index.php?rest_route=\/wp\/v2\/posts\/338573\/revisions\/338576"}],"wp:featuredmedia":[{"embeddable":true,"href":"https:\/\/archive.sana.sy\/es\/index.php?rest_route=\/wp\/v2\/media\/338574"}],"wp:attachment":[{"href":"https:\/\/archive.sana.sy\/es\/index.php?rest_route=%2Fwp%2Fv2%2Fmedia&parent=338573"}],"wp:term":[{"taxonomy":"category","embeddable":true,"href":"https:\/\/archive.sana.sy\/es\/index.php?rest_route=%2Fwp%2Fv2%2Fcategories&post=338573"},{"taxonomy":"post_tag","embeddable":true,"href":"https:\/\/archive.sana.sy\/es\/index.php?rest_route=%2Fwp%2Fv2%2Ftags&post=338573"}],"curies":[{"name":"wp","href":"https:\/\/api.w.org\/{rel}","templated":true}]}}