{"id":338580,"date":"2024-09-21T14:24:09","date_gmt":"2024-09-21T11:24:09","guid":{"rendered":"https:\/\/sana.sy\/es\/?p=338580"},"modified":"2024-09-21T14:24:09","modified_gmt":"2024-09-21T11:24:09","slug":"israel-bombardea-una-escuela-que-alberga-desplazados-en-gaza-y-mata-a-22-civiles","status":"publish","type":"post","link":"https:\/\/archive.sana.sy\/es\/?p=338580","title":{"rendered":"\u201cIsrael\u201d bombardea una escuela que alberga desplazados en Gaza y mata a 22 civiles"},"content":{"rendered":"<p style=\"text-align: justify;\"><span style=\"color: #800000;\"><strong>Jerusal\u00e9n ocupada, 21 sep (SANA)<\/strong> <\/span>Las fuerzas de ocupaci\u00f3n israel\u00edes cometieron hoy una nueva masacre en Gaza, y asesinaron a 22 palestinos tras bombardear una escuela que albergaba a personas desplazadas en el barrio de Al-Zaytoun, al sur de la ciudad de Gaza.<\/p>\n<p style=\"text-align: justify;\">De acuerdo con los medios de prensa palestinos, la mayor\u00eda de las v\u00edctimas eran ni\u00f1os y mujeres.<\/p>\n<p style=\"text-align: justify;\">Anteriormente, el Ministerio de Salud palestino anunci\u00f3 que durante las \u00faltimas 72 horas, el ocupante cometi\u00f3 12 masacres en la Franja de Gaza, con un saldo de 119 muertos y 209 heridos.<\/p>\n<p style=\"text-align: justify;\">Explic\u00f3 que durante 351 d\u00edas de agresi\u00f3n, el saldo total de muertos aument\u00f3 a 41.391 muertos y 95.760 heridos, mientras un n\u00famero de v\u00edctimas todav\u00eda se encuentran bajo los escombros y en las carreteras, y las ambulancias y equipos de defensa civil no pueden llegar a los mismos.<\/p>\n<p style=\"text-align: justify;\">fm\/sm<\/p>\n","protected":false},"excerpt":{"rendered":"<p>Jerusal\u00e9n ocupada, 21 sep (SANA) Las fuerzas de ocupaci\u00f3n israel\u00edes cometieron hoy una nueva masacre en Gaza, y asesinaron a 22 palestinos tras bombardear una escuela que albergaba a personas desplazadas en el barrio de Al-Zaytoun, al sur de la ciudad de Gaza. De acuerdo con los medios de prensa palestinos, la mayor\u00eda de las &hellip;<\/p>\n","protected":false},"author":39,"featured_media":338581,"comment_status":"closed","ping_status":"closed","sticky":false,"template":"","format":"standard","meta":{"footnotes":""},"categories":[597,456,16687,20724,583],"tags":[],"class_list":["post-338580","post","type-post","status-publish","format-standard","has-post-thumbnail","","category-cinta-de-noticias","category-arabe-internacional-politica","category-internacionales","category-minuto-a-minuto","category-slide"],"_links":{"self":[{"href":"https:\/\/archive.sana.sy\/es\/index.php?rest_route=\/wp\/v2\/posts\/338580"}],"collection":[{"href":"https:\/\/archive.sana.sy\/es\/index.php?rest_route=\/wp\/v2\/posts"}],"about":[{"href":"https:\/\/archive.sana.sy\/es\/index.php?rest_route=\/wp\/v2\/types\/post"}],"author":[{"embeddable":true,"href":"https:\/\/archive.sana.sy\/es\/index.php?rest_route=\/wp\/v2\/users\/39"}],"replies":[{"embeddable":true,"href":"https:\/\/archive.sana.sy\/es\/index.php?rest_route=%2Fwp%2Fv2%2Fcomments&post=338580"}],"version-history":[{"count":1,"href":"https:\/\/archive.sana.sy\/es\/index.php?rest_route=\/wp\/v2\/posts\/338580\/revisions"}],"predecessor-version":[{"id":338582,"href":"https:\/\/archive.sana.sy\/es\/index.php?rest_route=\/wp\/v2\/posts\/338580\/revisions\/338582"}],"wp:featuredmedia":[{"embeddable":true,"href":"https:\/\/archive.sana.sy\/es\/index.php?rest_route=\/wp\/v2\/media\/338581"}],"wp:attachment":[{"href":"https:\/\/archive.sana.sy\/es\/index.php?rest_route=%2Fwp%2Fv2%2Fmedia&parent=338580"}],"wp:term":[{"taxonomy":"category","embeddable":true,"href":"https:\/\/archive.sana.sy\/es\/index.php?rest_route=%2Fwp%2Fv2%2Fcategories&post=338580"},{"taxonomy":"post_tag","embeddable":true,"href":"https:\/\/archive.sana.sy\/es\/index.php?rest_route=%2Fwp%2Fv2%2Ftags&post=338580"}],"curies":[{"name":"wp","href":"https:\/\/api.w.org\/{rel}","templated":true}]}}