{"id":338604,"date":"2024-09-21T17:24:12","date_gmt":"2024-09-21T14:24:12","guid":{"rendered":"https:\/\/sana.sy\/es\/?p=338604"},"modified":"2024-09-21T17:24:12","modified_gmt":"2024-09-21T14:24:12","slug":"autoridades-rusas-evacuan-a-cientos-de-personas-tras-ataque-ucraniano-con-drones","status":"publish","type":"post","link":"https:\/\/archive.sana.sy\/es\/?p=338604","title":{"rendered":"Autoridades rusas evac\u00faan a cientos de personas tras ataque ucraniano con drones"},"content":{"rendered":"<p style=\"text-align: justify;\"><span style=\"color: #800000;\"><strong>Mosc\u00fa, 21 sep (SANA)\u00a0 <\/strong><\/span>Las autoridades de la provincia de Krasnodar, en el sur de Rusia, evacuaron hoy a cientos de personas de la regi\u00f3n de Tikhoretsk tras ser atacada con drones ucranianos.<\/p>\n<p style=\"text-align: justify;\">\u201cUnas 1.200 personas fueron evacuadas de la regi\u00f3n y trasladadas a centros de refugio tras un ataque con aviones no tripulados por parte del r\u00e9gimen de Kiev que provoc\u00f3 incendios all\u00ed\u201d, dijo el gobernador de la provincia, Veniamin Kondratiev, en su cuenta de Telegram, inform\u00f3 la agencia de noticias TASS.<\/p>\n<p style=\"text-align: justify;\">Seg\u00fan datos de las autoridades, dos drones fueron derribados hoy temprano en las afueras de la regi\u00f3n de Tikhoretsk, lo que ocasion\u00f3 un incendio en el lugar y provoc\u00f3 explosiones materiales explosivos.<\/p>\n<p style=\"text-align: justify;\">sm<\/p>\n","protected":false},"excerpt":{"rendered":"<p>Mosc\u00fa, 21 sep (SANA)\u00a0 Las autoridades de la provincia de Krasnodar, en el sur de Rusia, evacuaron hoy a cientos de personas de la regi\u00f3n de Tikhoretsk tras ser atacada con drones ucranianos. \u201cUnas 1.200 personas fueron evacuadas de la regi\u00f3n y trasladadas a centros de refugio tras un ataque con aviones no tripulados por &hellip;<\/p>\n","protected":false},"author":39,"featured_media":338605,"comment_status":"closed","ping_status":"closed","sticky":false,"template":"","format":"standard","meta":{"footnotes":""},"categories":[597,456,16687,20724,7541],"tags":[],"class_list":["post-338604","post","type-post","status-publish","format-standard","has-post-thumbnail","","category-cinta-de-noticias","category-arabe-internacional-politica","category-internacionales","category-minuto-a-minuto","category-ultimas-noticias"],"_links":{"self":[{"href":"https:\/\/archive.sana.sy\/es\/index.php?rest_route=\/wp\/v2\/posts\/338604"}],"collection":[{"href":"https:\/\/archive.sana.sy\/es\/index.php?rest_route=\/wp\/v2\/posts"}],"about":[{"href":"https:\/\/archive.sana.sy\/es\/index.php?rest_route=\/wp\/v2\/types\/post"}],"author":[{"embeddable":true,"href":"https:\/\/archive.sana.sy\/es\/index.php?rest_route=\/wp\/v2\/users\/39"}],"replies":[{"embeddable":true,"href":"https:\/\/archive.sana.sy\/es\/index.php?rest_route=%2Fwp%2Fv2%2Fcomments&post=338604"}],"version-history":[{"count":1,"href":"https:\/\/archive.sana.sy\/es\/index.php?rest_route=\/wp\/v2\/posts\/338604\/revisions"}],"predecessor-version":[{"id":338606,"href":"https:\/\/archive.sana.sy\/es\/index.php?rest_route=\/wp\/v2\/posts\/338604\/revisions\/338606"}],"wp:featuredmedia":[{"embeddable":true,"href":"https:\/\/archive.sana.sy\/es\/index.php?rest_route=\/wp\/v2\/media\/338605"}],"wp:attachment":[{"href":"https:\/\/archive.sana.sy\/es\/index.php?rest_route=%2Fwp%2Fv2%2Fmedia&parent=338604"}],"wp:term":[{"taxonomy":"category","embeddable":true,"href":"https:\/\/archive.sana.sy\/es\/index.php?rest_route=%2Fwp%2Fv2%2Fcategories&post=338604"},{"taxonomy":"post_tag","embeddable":true,"href":"https:\/\/archive.sana.sy\/es\/index.php?rest_route=%2Fwp%2Fv2%2Ftags&post=338604"}],"curies":[{"name":"wp","href":"https:\/\/api.w.org\/{rel}","templated":true}]}}