{"id":338607,"date":"2024-09-21T17:37:42","date_gmt":"2024-09-21T14:37:42","guid":{"rendered":"https:\/\/sana.sy\/es\/?p=338607"},"modified":"2024-09-21T17:37:42","modified_gmt":"2024-09-21T14:37:42","slug":"kiev-perdio-en-el-frente-de-kursk-a-mas-de-15-650-militares-y-124-tanques","status":"publish","type":"post","link":"https:\/\/archive.sana.sy\/es\/?p=338607","title":{"rendered":"Kiev perdi\u00f3 en el Frente de Kursk a m\u00e1s de 15.650 militares y 124 tanques"},"content":{"rendered":"<p style=\"text-align: justify;\"><span style=\"color: #800000;\"><strong>Mosc\u00fa, 21 sep (SANA)<\/strong><\/span> En su m\u00e1s reciente informe sobre la situaci\u00f3n en la regi\u00f3n rusa de Kursk, el Ministerio de Defensa de Rusia inform\u00f3 que las bajas de las Fuerzas Armadas ucranias ascendieron a m\u00e1s de 300 efectivos, 9 veh\u00edculos blindados, 6 piezas de artiller\u00eda, un lanzador y un veh\u00edculo de transporte y carga de lanzacohetes m\u00faltiple HIMARS.<\/p>\n<p style=\"text-align: justify;\">Tambi\u00e9n perdieron a una estaci\u00f3n de guerra electr\u00f3nica, un veh\u00edculo de ingenieros para retiro y pase de obst\u00e1culos, un veh\u00edculo blindado de recuperaci\u00f3n y 7 autom\u00f3viles.<\/p>\n<p style=\"text-align: justify;\">Asimismo, los militares rusos frustraron los intentos de contraataque de Kiev en las zonas de los asentamientos de Kam\u00fdshevka y Liub\u00edmovka, y repelieron 3 intentos de violaci\u00f3n de la frontera estatal por parte de unidades ucranianas cerca de las localidades de Novy Put y Medvezhie.<\/p>\n<p style=\"text-align: justify;\">Desde el inicio de los combates en el Frente de Kursk, Kiev perdi\u00f3 a m\u00e1s de 15.650 militares, 124 tanques, 57 veh\u00edculos de combate de infanter\u00eda, 95 veh\u00edculos blindados de transporte de tropas, 786 veh\u00edculos blindados de combate, 121 piezas de artiller\u00eda y 29 lanzacohetes m\u00faltiples.<\/p>\n<p style=\"text-align: justify;\">fm\/sm<\/p>\n","protected":false},"excerpt":{"rendered":"<p>Mosc\u00fa, 21 sep (SANA) En su m\u00e1s reciente informe sobre la situaci\u00f3n en la regi\u00f3n rusa de Kursk, el Ministerio de Defensa de Rusia inform\u00f3 que las bajas de las Fuerzas Armadas ucranias ascendieron a m\u00e1s de 300 efectivos, 9 veh\u00edculos blindados, 6 piezas de artiller\u00eda, un lanzador y un veh\u00edculo de transporte y carga &hellip;<\/p>\n","protected":false},"author":39,"featured_media":338608,"comment_status":"closed","ping_status":"closed","sticky":false,"template":"","format":"standard","meta":{"footnotes":""},"categories":[597,456,16687,20724,583],"tags":[],"class_list":["post-338607","post","type-post","status-publish","format-standard","has-post-thumbnail","","category-cinta-de-noticias","category-arabe-internacional-politica","category-internacionales","category-minuto-a-minuto","category-slide"],"_links":{"self":[{"href":"https:\/\/archive.sana.sy\/es\/index.php?rest_route=\/wp\/v2\/posts\/338607"}],"collection":[{"href":"https:\/\/archive.sana.sy\/es\/index.php?rest_route=\/wp\/v2\/posts"}],"about":[{"href":"https:\/\/archive.sana.sy\/es\/index.php?rest_route=\/wp\/v2\/types\/post"}],"author":[{"embeddable":true,"href":"https:\/\/archive.sana.sy\/es\/index.php?rest_route=\/wp\/v2\/users\/39"}],"replies":[{"embeddable":true,"href":"https:\/\/archive.sana.sy\/es\/index.php?rest_route=%2Fwp%2Fv2%2Fcomments&post=338607"}],"version-history":[{"count":1,"href":"https:\/\/archive.sana.sy\/es\/index.php?rest_route=\/wp\/v2\/posts\/338607\/revisions"}],"predecessor-version":[{"id":338609,"href":"https:\/\/archive.sana.sy\/es\/index.php?rest_route=\/wp\/v2\/posts\/338607\/revisions\/338609"}],"wp:featuredmedia":[{"embeddable":true,"href":"https:\/\/archive.sana.sy\/es\/index.php?rest_route=\/wp\/v2\/media\/338608"}],"wp:attachment":[{"href":"https:\/\/archive.sana.sy\/es\/index.php?rest_route=%2Fwp%2Fv2%2Fmedia&parent=338607"}],"wp:term":[{"taxonomy":"category","embeddable":true,"href":"https:\/\/archive.sana.sy\/es\/index.php?rest_route=%2Fwp%2Fv2%2Fcategories&post=338607"},{"taxonomy":"post_tag","embeddable":true,"href":"https:\/\/archive.sana.sy\/es\/index.php?rest_route=%2Fwp%2Fv2%2Ftags&post=338607"}],"curies":[{"name":"wp","href":"https:\/\/api.w.org\/{rel}","templated":true}]}}