{"id":338626,"date":"2024-09-22T05:40:03","date_gmt":"2024-09-22T02:40:03","guid":{"rendered":"https:\/\/sana.sy\/es\/?p=338626"},"modified":"2024-09-22T05:47:58","modified_gmt":"2024-09-22T02:47:58","slug":"resistencia-libanesa-ataca-con-decenas-de-cohetes-pesados-la-base-aerea-israeli-de-ramat-david","status":"publish","type":"post","link":"https:\/\/archive.sana.sy\/es\/?p=338626","title":{"rendered":"Resistencia libanesa ataca con decenas de cohetes pesados la base a\u00e9rea israel\u00ed de Ramat David"},"content":{"rendered":"<p style=\"text-align: justify;\"><span style=\"color: #800000;\"><strong>Beirut, 22 sep (SANA)\u00a0\u00a0<\/strong><\/span> La Resistencia Libanesa bombarde\u00f3 con andanadas de misiles pesados, la base a\u00e9rea de Ramat David en el norte de Palestina ocupada.<\/p>\n<p style=\"text-align: justify;\">El ataque, seg\u00fan afirm\u00f3 la Resistencia en una declaraci\u00f3n, se llev\u00f3 a cabo en apoyo al pueblo palestino en la Franja de Gaza y su valiente y honorable resistencia, y en respuesta a los repetidos ataques israel\u00edes contra varias regiones libanesas, que provocaron muertos y heridos.<\/p>\n<p style=\"text-align: justify;\">Aclar\u00f3 que el ataque se llev\u00f3 a cabo con decenas de misiles Fady I y Fady II.<\/p>\n<p style=\"text-align: justify;\">Los medios de prensa israel\u00edes reconocieron que los misiles lanzados llegaron hasta la referida base ubicada al este de la ciudad de Haifa.<\/p>\n<p style=\"text-align: justify;\">Las autoridades militares israel\u00edes prohibieron la publicaci\u00f3n de detalles sobre las secuelas del bombardeo de la Resistencia.<\/p>\n<p>&nbsp;<\/p>\n<div id='gallery-1' class='gallery galleryid-338626 gallery-columns-3 gallery-size-full'><figure class='gallery-item'>\n\t\t\t<div class='gallery-icon portrait'>\n\t\t\t\t<a href='https:\/\/archive.sana.sy\/es\/wp-content\/uploads\/2024\/09\/photo_2024-09-22_02-58-06.jpg'><img loading=\"lazy\" decoding=\"async\" width=\"960\" height=\"1280\" src=\"https:\/\/archive.sana.sy\/es\/wp-content\/uploads\/2024\/09\/photo_2024-09-22_02-58-06.jpg\" class=\"attachment-full size-full\" alt=\"\" srcset=\"https:\/\/archive.sana.sy\/es\/wp-content\/uploads\/2024\/09\/photo_2024-09-22_02-58-06.jpg 960w, https:\/\/archive.sana.sy\/es\/wp-content\/uploads\/2024\/09\/photo_2024-09-22_02-58-06-225x300.jpg 225w, https:\/\/archive.sana.sy\/es\/wp-content\/uploads\/2024\/09\/photo_2024-09-22_02-58-06-768x1024.jpg 768w, https:\/\/archive.sana.sy\/es\/wp-content\/uploads\/2024\/09\/photo_2024-09-22_02-58-06-113x150.jpg 113w\" sizes=\"(max-width: 960px) 100vw, 960px\" \/><\/a>\n\t\t\t<\/div><\/figure><figure class='gallery-item'>\n\t\t\t<div class='gallery-icon portrait'>\n\t\t\t\t<a href='https:\/\/archive.sana.sy\/es\/wp-content\/uploads\/2024\/09\/photo_2024-09-22_02-58-04.jpg'><img loading=\"lazy\" decoding=\"async\" width=\"720\" height=\"1280\" src=\"https:\/\/archive.sana.sy\/es\/wp-content\/uploads\/2024\/09\/photo_2024-09-22_02-58-04.jpg\" class=\"attachment-full size-full\" alt=\"\" srcset=\"https:\/\/archive.sana.sy\/es\/wp-content\/uploads\/2024\/09\/photo_2024-09-22_02-58-04.jpg 720w, https:\/\/archive.sana.sy\/es\/wp-content\/uploads\/2024\/09\/photo_2024-09-22_02-58-04-169x300.jpg 169w, https:\/\/archive.sana.sy\/es\/wp-content\/uploads\/2024\/09\/photo_2024-09-22_02-58-04-576x1024.jpg 576w, https:\/\/archive.sana.sy\/es\/wp-content\/uploads\/2024\/09\/photo_2024-09-22_02-58-04-84x150.jpg 84w\" sizes=\"(max-width: 720px) 100vw, 720px\" \/><\/a>\n\t\t\t<\/div><\/figure><figure class='gallery-item'>\n\t\t\t<div class='gallery-icon portrait'>\n\t\t\t\t<a href='https:\/\/archive.sana.sy\/es\/wp-content\/uploads\/2024\/09\/photo_2024-09-22_02-58-07.jpg'><img loading=\"lazy\" decoding=\"async\" width=\"720\" height=\"1280\" src=\"https:\/\/archive.sana.sy\/es\/wp-content\/uploads\/2024\/09\/photo_2024-09-22_02-58-07.jpg\" class=\"attachment-full size-full\" alt=\"\" srcset=\"https:\/\/archive.sana.sy\/es\/wp-content\/uploads\/2024\/09\/photo_2024-09-22_02-58-07.jpg 720w, https:\/\/archive.sana.sy\/es\/wp-content\/uploads\/2024\/09\/photo_2024-09-22_02-58-07-169x300.jpg 169w, https:\/\/archive.sana.sy\/es\/wp-content\/uploads\/2024\/09\/photo_2024-09-22_02-58-07-576x1024.jpg 576w, https:\/\/archive.sana.sy\/es\/wp-content\/uploads\/2024\/09\/photo_2024-09-22_02-58-07-84x150.jpg 84w\" sizes=\"(max-width: 720px) 100vw, 720px\" \/><\/a>\n\t\t\t<\/div><\/figure>\n\t\t<\/div>\n\n<p style=\"text-align: justify;\">fm<\/p>\n","protected":false},"excerpt":{"rendered":"<p>Beirut, 22 sep (SANA)\u00a0\u00a0 La Resistencia Libanesa bombarde\u00f3 con andanadas de misiles pesados, la base a\u00e9rea de Ramat David en el norte de Palestina ocupada. El ataque, seg\u00fan afirm\u00f3 la Resistencia en una declaraci\u00f3n, se llev\u00f3 a cabo en apoyo al pueblo palestino en la Franja de Gaza y su valiente y honorable resistencia, y &hellip;<\/p>\n","protected":false},"author":34,"featured_media":338627,"comment_status":"closed","ping_status":"closed","sticky":false,"template":"","format":"standard","meta":{"footnotes":""},"categories":[597,456,20724,583],"tags":[],"class_list":["post-338626","post","type-post","status-publish","format-standard","has-post-thumbnail","","category-cinta-de-noticias","category-arabe-internacional-politica","category-minuto-a-minuto","category-slide"],"_links":{"self":[{"href":"https:\/\/archive.sana.sy\/es\/index.php?rest_route=\/wp\/v2\/posts\/338626"}],"collection":[{"href":"https:\/\/archive.sana.sy\/es\/index.php?rest_route=\/wp\/v2\/posts"}],"about":[{"href":"https:\/\/archive.sana.sy\/es\/index.php?rest_route=\/wp\/v2\/types\/post"}],"author":[{"embeddable":true,"href":"https:\/\/archive.sana.sy\/es\/index.php?rest_route=\/wp\/v2\/users\/34"}],"replies":[{"embeddable":true,"href":"https:\/\/archive.sana.sy\/es\/index.php?rest_route=%2Fwp%2Fv2%2Fcomments&post=338626"}],"version-history":[{"count":2,"href":"https:\/\/archive.sana.sy\/es\/index.php?rest_route=\/wp\/v2\/posts\/338626\/revisions"}],"predecessor-version":[{"id":338632,"href":"https:\/\/archive.sana.sy\/es\/index.php?rest_route=\/wp\/v2\/posts\/338626\/revisions\/338632"}],"wp:featuredmedia":[{"embeddable":true,"href":"https:\/\/archive.sana.sy\/es\/index.php?rest_route=\/wp\/v2\/media\/338627"}],"wp:attachment":[{"href":"https:\/\/archive.sana.sy\/es\/index.php?rest_route=%2Fwp%2Fv2%2Fmedia&parent=338626"}],"wp:term":[{"taxonomy":"category","embeddable":true,"href":"https:\/\/archive.sana.sy\/es\/index.php?rest_route=%2Fwp%2Fv2%2Fcategories&post=338626"},{"taxonomy":"post_tag","embeddable":true,"href":"https:\/\/archive.sana.sy\/es\/index.php?rest_route=%2Fwp%2Fv2%2Ftags&post=338626"}],"curies":[{"name":"wp","href":"https:\/\/api.w.org\/{rel}","templated":true}]}}