{"id":338633,"date":"2024-09-22T11:55:49","date_gmt":"2024-09-22T08:55:49","guid":{"rendered":"https:\/\/sana.sy\/es\/?p=338633"},"modified":"2024-09-22T11:55:49","modified_gmt":"2024-09-22T08:55:49","slug":"manifestaciones-en-europa-para-denunciar-la-continua-agresion-israeli-a-gaza","status":"publish","type":"post","link":"https:\/\/archive.sana.sy\/es\/?p=338633","title":{"rendered":"Manifestaciones en Europa para denunciar la continua agresi\u00f3n israel\u00ed a Gaza"},"content":{"rendered":"<p style=\"text-align: justify;\"><span style=\"color: #800000;\"><strong>Capitales, 22 sep (SANA)<\/strong><\/span>\u00a0 \u00a0Numerosas ciudades y capitales del mundo han sido testigo hoy de manifestaciones masivas para denunciar la agresi\u00f3n israel\u00ed contra la Franja de Gaza, que se ha prolongado durante casi un a\u00f1o.<\/p>\n<p style=\"text-align: justify;\">Miles de personas participaron en manifestaciones convocadas en las ciudades europeas de Par\u00eds, Viena, Uppsala, Estocolmo, Mil\u00e1n, Maastricht, Liverpool, Odense, Copenhague, Helsinki, Hamburgo, Bremen, Friburgo y Berl\u00edn, en apoyo al pueblo palestino y para exigir un alto el fuego y la entrada de la ayuda humanitaria a Gaza.<\/p>\n<p style=\"text-align: justify;\">Los participantes izaron banderas palestinas y pancartas con frases que denuncian los cr\u00edmenes del ocupante y piden fin a los dobles raseros y la necesidad de procesar a los autores de los cr\u00edmenes.<\/p>\n<p style=\"text-align: justify;\">La activista clim\u00e1tica sueca Greta Thunberg dijo que el genocidio cometido por Israel en Palestina es absolutamente horrible, y el silencio al respecto significa complicidad.<\/p>\n<p style=\"text-align: justify;\">\u201cNo entiendo c\u00f3mo la gente puede ser testigo de un genocidio en vivo y seguir con su vida diaria con indiferencia; creo que todos los que tienen la capacidad de actuar deben alzar la voz y hacer todo lo que est\u00e9 a su alcance para detener esto\u201d, agreg\u00f3.<\/p>\n","protected":false},"excerpt":{"rendered":"<p>Capitales, 22 sep (SANA)\u00a0 \u00a0Numerosas ciudades y capitales del mundo han sido testigo hoy de manifestaciones masivas para denunciar la agresi\u00f3n israel\u00ed contra la Franja de Gaza, que se ha prolongado durante casi un a\u00f1o. Miles de personas participaron en manifestaciones convocadas en las ciudades europeas de Par\u00eds, Viena, Uppsala, Estocolmo, Mil\u00e1n, Maastricht, Liverpool, Odense, &hellip;<\/p>\n","protected":false},"author":35,"featured_media":338634,"comment_status":"closed","ping_status":"closed","sticky":false,"template":"","format":"standard","meta":{"footnotes":""},"categories":[597,456,16687,20724,583],"tags":[],"class_list":["post-338633","post","type-post","status-publish","format-standard","has-post-thumbnail","","category-cinta-de-noticias","category-arabe-internacional-politica","category-internacionales","category-minuto-a-minuto","category-slide"],"_links":{"self":[{"href":"https:\/\/archive.sana.sy\/es\/index.php?rest_route=\/wp\/v2\/posts\/338633"}],"collection":[{"href":"https:\/\/archive.sana.sy\/es\/index.php?rest_route=\/wp\/v2\/posts"}],"about":[{"href":"https:\/\/archive.sana.sy\/es\/index.php?rest_route=\/wp\/v2\/types\/post"}],"author":[{"embeddable":true,"href":"https:\/\/archive.sana.sy\/es\/index.php?rest_route=\/wp\/v2\/users\/35"}],"replies":[{"embeddable":true,"href":"https:\/\/archive.sana.sy\/es\/index.php?rest_route=%2Fwp%2Fv2%2Fcomments&post=338633"}],"version-history":[{"count":1,"href":"https:\/\/archive.sana.sy\/es\/index.php?rest_route=\/wp\/v2\/posts\/338633\/revisions"}],"predecessor-version":[{"id":338635,"href":"https:\/\/archive.sana.sy\/es\/index.php?rest_route=\/wp\/v2\/posts\/338633\/revisions\/338635"}],"wp:featuredmedia":[{"embeddable":true,"href":"https:\/\/archive.sana.sy\/es\/index.php?rest_route=\/wp\/v2\/media\/338634"}],"wp:attachment":[{"href":"https:\/\/archive.sana.sy\/es\/index.php?rest_route=%2Fwp%2Fv2%2Fmedia&parent=338633"}],"wp:term":[{"taxonomy":"category","embeddable":true,"href":"https:\/\/archive.sana.sy\/es\/index.php?rest_route=%2Fwp%2Fv2%2Fcategories&post=338633"},{"taxonomy":"post_tag","embeddable":true,"href":"https:\/\/archive.sana.sy\/es\/index.php?rest_route=%2Fwp%2Fv2%2Ftags&post=338633"}],"curies":[{"name":"wp","href":"https:\/\/api.w.org\/{rel}","templated":true}]}}